{"id":169,"date":"2023-10-20T11:38:32","date_gmt":"2023-10-20T09:38:32","guid":{"rendered":"https:\/\/www.la-maison-electrique.com\/blog\/?p=169"},"modified":"2024-10-11T15:54:06","modified_gmt":"2024-10-11T13:54:06","slug":"gamme-wiser-schneider","status":"publish","type":"post","link":"https:\/\/www.la-maison-electrique.com\/blog\/2023\/10\/20\/gamme-wiser-schneider\/","title":{"rendered":"La gamme Wiser de Schneider : gestion du chauffage"},"content":{"rendered":"\n<p>Les maisons connect\u00e9es se d\u00e9veloppent de plus en plus dans la monde actuel. Pour illustrer ce d\u00e9veloppement, Schneider a sorti la gamme Wiser. Une solution intelligente qui r\u00e9volutionne la fa\u00e7on dont nous contr\u00f4lons et g\u00e9rons notre maison, que ce soit pour le chauffage ou l&rsquo;\u00e9clairage.<\/p>\n\n\n\n<ol class=\"wp-block-list\">\n<li><a href=\"#a1\">L&rsquo;objectif de la gamme Wiser<\/a><\/li>\n\n\n\n<li><a href=\"#a2\">Le Wiser Home Touch<\/a><\/li>\n\n\n\n<li><a href=\"#a3\">Les effets de la gamme Wiser sur le chauffage<\/a><\/li>\n\n\n\n<li><a href=\"#a4\">Les effets de la gamme Wiser sur les volets roulants<\/a><\/li>\n\n\n\n<li><a href=\"#a5\">Les effets de la gamme Wiser sur l&rsquo;\u00e9clairage<\/a><\/li>\n\n\n\n<li><a href=\"#a6\">Application mobile conviviale<\/a><\/li>\n\n\n\n<li><a href=\"#a7\">Les avantages de la gamme Wiser de Schneider Electric<\/a><\/li>\n<\/ol>\n\n\n\n<h2 class=\"wp-block-heading\" id=\"a1\">L&rsquo;objectif de la gamme Wiser<\/h2>\n\n\n\n<p>La gamme <strong><a href=\"https:\/\/www.la-maison-electrique.com\/maison-connectee-wiser-schneider-1426\">Wiser de Schneider Electric <\/a><\/strong>est con\u00e7ue pour offrir une gestion du chauffage plus intelligente et plus efficace, permettant aux utilisateurs de mieux contr\u00f4ler leur confort tout en r\u00e9duisant leur empreinte \u00e9nerg\u00e9tique. Cette gamme peut permettre de commander l&rsquo;\u00e9clairage, les volets roulants, le chauffage en local ou \u00e0 distance par t\u00e9l\u00e9phone par exemple. De plus, un suivi des consommations \u00e9nerg\u00e9tiques est propos\u00e9.<\/p>\n\n\n\n<figure class=\"wp-block-embed alignleft is-type-video is-provider-youtube wp-block-embed-youtube wp-embed-aspect-16-9 wp-has-aspect-ratio\"><div class=\"wp-block-embed__wrapper\">\n<p class=\"responsive-video-wrap clr\"><iframe loading=\"lazy\" title=\"Wiser : le syst\u00e8me connect\u00e9 et complet de gestion de l&#039;\u00e9nergie r\u00e9sidentielle | Schneider Electric\" width=\"1200\" height=\"675\" src=\"https:\/\/www.youtube.com\/embed\/dt9MP9K04-g?feature=oembed\" frameborder=\"0\" allow=\"accelerometer; autoplay; clipboard-write; encrypted-media; gyroscope; picture-in-picture; web-share\" referrerpolicy=\"strict-origin-when-cross-origin\" allowfullscreen><\/iframe><\/p>\n<\/div><\/figure>\n\n\n\n<h2 class=\"wp-block-heading clear\" id=\"a2\">Le Wiser Home Touch<\/h2>\n\n\n\n<p>Un panneau central \u00ab\u00a0<strong>Wiser Home Touch<\/strong>\u00a0\u00bb permet de <strong>contr\u00f4ler la maison<\/strong>. Les habitants ont possibilit\u00e9 de modifier les param\u00e8tres. L\u2019interface est visuellement identique \u00e0 <strong>l\u2019Application Wiser<\/strong>. <strong>Schneider Electric <\/strong>a choisi de concevoir cet \u00e9cran de contr\u00f4le de mani\u00e8re \u00e9pur\u00e9e et \u00e9l\u00e9gante, en faisant de lui un \u00e9l\u00e9ment de d\u00e9coration.<\/p>\n\n\n<div class=\"wp-block-image\">\n<figure class=\"aligncenter is-resized\"><img loading=\"lazy\" decoding=\"async\" width=\"900\" height=\"741\" src=\"https:\/\/www.la-maison-electrique.com\/blog\/wp-content\/uploads\/2023\/10\/wiser-home-touch-schneider-electric-cct501510.png.webp\" alt=\"\" class=\"wp-image-171\" style=\"aspect-ratio:1.214574898785425;width:305px;height:auto\" srcset=\"https:\/\/www.la-maison-electrique.com\/blog\/wp-content\/uploads\/2023\/10\/wiser-home-touch-schneider-electric-cct501510.png.webp 900w, https:\/\/www.la-maison-electrique.com\/blog\/wp-content\/uploads\/2023\/10\/wiser-home-touch-schneider-electric-cct501510.png-300x247.webp 300w, https:\/\/www.la-maison-electrique.com\/blog\/wp-content\/uploads\/2023\/10\/wiser-home-touch-schneider-electric-cct501510.png-768x632.webp 768w\" sizes=\"auto, (max-width: 900px) 100vw, 900px\" \/><\/figure>\n<\/div>\n\n\n<h2 class=\"wp-block-heading\" id=\"a3\">Les effets de la gamme Wiser sur le <a href=\"https:\/\/www.youtube.com\/watch?v=o3hkQW0KLoo\">chauffage<\/a><\/h2>\n\n\n\n<div class=\"wp-block-media-text is-stacked-on-mobile\" style=\"grid-template-columns:37% auto\"><figure class=\"wp-block-media-text__media\"><img loading=\"lazy\" decoding=\"async\" width=\"437\" height=\"531\" src=\"https:\/\/www.la-maison-electrique.com\/blog\/wp-content\/uploads\/2023\/10\/dccd.jpg\" alt=\"\" class=\"wp-image-182 size-full\" srcset=\"https:\/\/www.la-maison-electrique.com\/blog\/wp-content\/uploads\/2023\/10\/dccd.jpg 437w, https:\/\/www.la-maison-electrique.com\/blog\/wp-content\/uploads\/2023\/10\/dccd-247x300.jpg 247w\" sizes=\"auto, (max-width: 437px) 100vw, 437px\" \/><\/figure><div class=\"wp-block-media-text__content\">\n<p>Pour un contr\u00f4le encore plus pr\u00e9cis, la <strong>gamme Wiser<\/strong> propose des vannes connect\u00e9es qui s&rsquo;int\u00e8grent \u00e0 votre syst\u00e8me de <strong>chauffage <\/strong>existant. Ces vannes peuvent \u00eatre install\u00e9es sur vos <strong>radiateurs<\/strong>, vous permettant de r\u00e9guler la <strong>temp\u00e9rature <\/strong>pi\u00e8ce par pi\u00e8ce. Cela signifie que vous pouvez chauffer uniquement les pi\u00e8ces que vous utilisez, r\u00e9duisant ainsi consid\u00e9rablement votre consommation d&rsquo;\u00e9nergie.<\/p>\n\n\n\n<p>Gr\u00e2ce \u00e0 la gamme Wiser, la temp\u00e9rature souhaitait par les utilisateurs peut \u00eatre maintenue \u00e0 distance. Si les utilisateurs souhaitent ajustaient la temp\u00e9rature, c&rsquo;est possible.<\/p>\n<\/div><\/div>\n\n\n\n<p><\/p>\n\n\n\n<h2 class=\"wp-block-heading clear\" id=\"a4\">Les effets de la gamme Wiser sur les volets roulants<\/h2>\n\n\n\n<div class=\"wp-block-media-text has-media-on-the-right is-stacked-on-mobile\"><div class=\"wp-block-media-text__content\">\n<p>Les <strong>volets roulants<\/strong> sont un \u00e9l\u00e9ment essentiel de notre maison, offrant une protection contre les intemp\u00e9ries, la lumi\u00e8re du soleil excessive, et m\u00eame les intrusions. Cependant, avec l&rsquo;avanc\u00e9e de la technologie, il est devenu de plus en plus important de pouvoir <strong>contr\u00f4ler ces volets<\/strong> de mani\u00e8re intelligente et pratique. C&rsquo;est l\u00e0 que la gamme <strong>Wiser <\/strong>de <strong>Schneider Electric<\/strong> entre en jeu. Elle permet en \u00e9t\u00e9, de garder la fra\u00eecheur d&rsquo;une pi\u00e8ce ou plusieurs en automatisant l&rsquo;ouverture et la fermeture des volets roulants selon l&rsquo;ensoleillement. Il est possible aussi de baisser tous les volets roulants de la maison en m\u00eame temps, \u00e0 21h par exemple. <\/p>\n<\/div><figure class=\"wp-block-media-text__media\"><img loading=\"lazy\" decoding=\"async\" width=\"411\" height=\"413\" src=\"https:\/\/www.la-maison-electrique.com\/blog\/wp-content\/uploads\/2023\/10\/f.jpg\" alt=\"\" class=\"wp-image-181 size-full\" srcset=\"https:\/\/www.la-maison-electrique.com\/blog\/wp-content\/uploads\/2023\/10\/f.jpg 411w, https:\/\/www.la-maison-electrique.com\/blog\/wp-content\/uploads\/2023\/10\/f-300x300.jpg 300w, https:\/\/www.la-maison-electrique.com\/blog\/wp-content\/uploads\/2023\/10\/f-150x150.jpg 150w\" sizes=\"auto, (max-width: 411px) 100vw, 411px\" \/><\/figure><\/div>\n\n\n\n<h2 class=\"wp-block-heading clear\" id=\"a5\">Les effets de la gamme Wiser sur l&rsquo;\u00e9clairage<\/h2>\n\n\n\n<div class=\"wp-block-media-text is-stacked-on-mobile\"><figure class=\"wp-block-media-text__media\"><img loading=\"lazy\" decoding=\"async\" width=\"411\" height=\"413\" src=\"https:\/\/www.la-maison-electrique.com\/blog\/wp-content\/uploads\/2023\/10\/Capture-decran-2023-10-20-105625-1.jpg\" alt=\"\" class=\"wp-image-179 size-full\" srcset=\"https:\/\/www.la-maison-electrique.com\/blog\/wp-content\/uploads\/2023\/10\/Capture-decran-2023-10-20-105625-1.jpg 411w, https:\/\/www.la-maison-electrique.com\/blog\/wp-content\/uploads\/2023\/10\/Capture-decran-2023-10-20-105625-1-300x300.jpg 300w, https:\/\/www.la-maison-electrique.com\/blog\/wp-content\/uploads\/2023\/10\/Capture-decran-2023-10-20-105625-1-150x150.jpg 150w\" sizes=\"auto, (max-width: 411px) 100vw, 411px\" \/><\/figure><div class=\"wp-block-media-text__content\">\n<p>Dans le domaine de la gestion de l&rsquo;\u00e9clairage, la gamme <strong>Wiser <\/strong>de <strong>Schneider Electric<\/strong> se distingue comme une solution intelligente. Cette gamme offre une utilit\u00e9 consid\u00e9rable pour quiconque souhaite optimiser l&rsquo;\u00e9clairage de sa maison, que ce soit pour des raisons de confort, d&rsquo;\u00e9conomie d&rsquo;\u00e9nergie ou de s\u00e9curit\u00e9.<\/p>\n\n\n\n<p>\u00c0 distance, il est possible de simuler une pr\u00e9sence pendant une absence, pour \u00e9viter les intrusions et vols. Il est aussi possible d&rsquo;augmenter la luminosit\u00e9 petit \u00e0 petit lors du r\u00e9veil pour b\u00e9n\u00e9ficier d&rsquo;un r\u00e9veil doux et progressif. Un mode veilleuse est disponible pour l&rsquo;endormissement des enfants.<\/p>\n<\/div><\/div>\n\n\n\n<h2 class=\"wp-block-heading clear\" id=\"a6\">Application mobile conviviale<\/h2>\n\n\n\n<p>Toutes les fonctionnalit\u00e9s de la gamme Wiser sont accessibles via l&rsquo;application mobile <strong>Wiser Home<\/strong>. Vous pouvez ainsi contr\u00f4ler votre chauffage o\u00f9 que vous soyez, recevoir des alertes en cas de probl\u00e8mes et analyser votre consommation d&rsquo;\u00e9nergie pour prendre des d\u00e9cisions \u00e9clair\u00e9es. Disponible sur <a href=\"https:\/\/apps.apple.com\/fr\/app\/wiser-home\/id1222853887\"><strong>l&rsquo;Apple Store<\/strong><\/a> et le <a href=\"https:\/\/play.google.com\/store\/apps\/details?id=com.schneider_electric.WiserHeat&amp;hl=fr&amp;gl=US&amp;pli=1\"><strong>Play Store<\/strong><\/a><\/p>\n\n\n\n<h2 class=\"wp-block-heading clear\" id=\"a7\">Les avantages de la gamme Wiser de Schneider Electric<\/h2>\n\n\n\n<ol class=\"wp-block-list\">\n<li><strong>Confort personnalis\u00e9 :<\/strong> La gamme Wiser personnalise le chauffage pi\u00e8ce par pi\u00e8ce. Cela garantit un confort optimal, quelles que soient les conditions ext\u00e9rieures.<\/li>\n\n\n\n<li>\u00c9conomie d&rsquo;\u00e9nergie : La gamme Wiser ajuste automatiquement le chauffage en fonction de vos besoins. Cela r\u00e9duit la consommation d&rsquo;\u00e9nergie et permet des \u00e9conomies sur vos factures.<\/li>\n\n\n\n<li><strong>Contr\u00f4le \u00e0 distance<\/strong> : Gr\u00e2ce \u00e0 l&rsquo;application mobile, vous pouvez contr\u00f4ler votre chauffage o\u00f9 que vous soyez. Cela signifie que vous pouvez \u00e9conomiser de l&rsquo;\u00e9nergie m\u00eame lorsque vous n&rsquo;\u00eates pas \u00e0 la maison.<\/li>\n\n\n\n<li><strong>Int\u00e9gration ais\u00e9e<\/strong> : La gamme Wiser est compatible avec de nombreux syst\u00e8mes de chauffage. Cela facilite son int\u00e9gration dans votre maison.<\/li>\n\n\n\n<li><strong>Suivi de la consommation d&rsquo;\u00e9nergie<\/strong> : En comprenant comment vous utilisez l&rsquo;\u00e9nergie, vous pouvez faire des ajustements. Cela r\u00e9duit davantage votre impact environnemental.<\/li>\n<\/ol>\n\n\n\n<h2 class=\"wp-block-heading\">Conclusion<\/h2>\n\n\n\n<p>La gestion du chauffage avec la gamme <strong>Wiser de Schneider Electric<\/strong> repr\u00e9sente une avanc\u00e9e significative dans la mani\u00e8re dont nous contr\u00f4lons et g\u00e9rons la temp\u00e9rature de notre domicile. En combinant des thermostats intelligents, des vannes connect\u00e9es, des capteurs de temp\u00e9rature et une application conviviale, cette solution offre un confort personnalis\u00e9 tout en contribuant \u00e0 la r\u00e9duction de la consommation d&rsquo;\u00e9nergie. Si vous cherchez \u00e0 am\u00e9liorer le confort de votre foyer tout en faisant un geste pour l&rsquo;environnement, la gamme Wiser de Schneider Electric est une solution.<\/p>\n\n\n\n<p><\/p>\n","protected":false},"excerpt":{"rendered":"<p>Les maisons connect\u00e9es se d\u00e9veloppent de plus en plus dans la monde actuel. Pour illustrer ce d\u00e9veloppement, Schneider a sorti la gamme Wiser. Une solution intelligente qui r\u00e9volutionne la fa\u00e7on dont nous contr\u00f4lons et g\u00e9rons notre maison, que ce soit pour le chauffage ou l&rsquo;\u00e9clairage. L&rsquo;objectif de la gamme Wiser La gamme Wiser de Schneider [&hellip;]<\/p>\n","protected":false},"author":2,"featured_media":293,"comment_status":"closed","ping_status":"open","sticky":false,"template":"","format":"standard","meta":{"footnotes":""},"categories":[8,7],"tags":[13,19,18,17],"class_list":["post-169","post","type-post","status-publish","format-standard","has-post-thumbnail","hentry","category-chauffage-et-ventilation","category-domotique-et-securite","tag-chauffage","tag-confort","tag-connecte","tag-wiser","entry","has-media"],"yoast_head":"<!-- This site is optimized with the Yoast SEO plugin v23.9 - https:\/\/yoast.com\/wordpress\/plugins\/seo\/ -->\n<title>La gamme Wiser de Schneider : gestion du chauffage - Blog LME<\/title>\n<meta name=\"description\" content=\"D\u00e9couvrez la gamme Wiser de Schneider pour g\u00e9rer efficacement votre chauffage. Optimisez votre confort et \u00e9conomisez de l&#039;\u00e9nergie.\" \/>\n<meta name=\"robots\" content=\"index, follow, max-snippet:-1, max-image-preview:large, max-video-preview:-1\" \/>\n<link rel=\"canonical\" href=\"https:\/\/www.la-maison-electrique.com\/blog\/2023\/10\/20\/gamme-wiser-schneider\/\" \/>\n<meta property=\"og:locale\" content=\"fr_FR\" \/>\n<meta property=\"og:type\" content=\"article\" \/>\n<meta property=\"og:title\" content=\"La gamme Wiser de Schneider : gestion du chauffage - Blog LME\" \/>\n<meta property=\"og:description\" content=\"D\u00e9couvrez la gamme Wiser de Schneider pour g\u00e9rer efficacement votre chauffage. Optimisez votre confort et \u00e9conomisez de l&#039;\u00e9nergie.\" \/>\n<meta property=\"og:url\" content=\"https:\/\/www.la-maison-electrique.com\/blog\/2023\/10\/20\/gamme-wiser-schneider\/\" \/>\n<meta property=\"og:site_name\" content=\"Blog LME\" \/>\n<meta property=\"article:published_time\" content=\"2023-10-20T09:38:32+00:00\" \/>\n<meta property=\"article:modified_time\" content=\"2024-10-11T13:54:06+00:00\" \/>\n<meta property=\"og:image\" content=\"https:\/\/www.la-maison-electrique.com\/blog\/wp-content\/uploads\/2023\/10\/Image-Gamme-Wiser.jpg\" \/>\n\t<meta property=\"og:image:width\" content=\"1200\" \/>\n\t<meta property=\"og:image:height\" content=\"500\" \/>\n\t<meta property=\"og:image:type\" content=\"image\/jpeg\" \/>\n<meta name=\"author\" content=\"La Maison Electrique\" \/>\n<meta name=\"twitter:card\" content=\"summary_large_image\" \/>\n<meta name=\"twitter:label1\" content=\"\u00c9crit par\" \/>\n\t<meta name=\"twitter:data1\" content=\"La Maison Electrique\" \/>\n\t<meta name=\"twitter:label2\" content=\"Dur\u00e9e de lecture estim\u00e9e\" \/>\n\t<meta name=\"twitter:data2\" content=\"6 minutes\" \/>\n<script type=\"application\/ld+json\" class=\"yoast-schema-graph\">{\"@context\":\"https:\/\/schema.org\",\"@graph\":[{\"@type\":\"Article\",\"@id\":\"https:\/\/www.la-maison-electrique.com\/blog\/2023\/10\/20\/gamme-wiser-schneider\/#article\",\"isPartOf\":{\"@id\":\"https:\/\/www.la-maison-electrique.com\/blog\/2023\/10\/20\/gamme-wiser-schneider\/\"},\"author\":{\"name\":\"La Maison Electrique\",\"@id\":\"https:\/\/www.la-maison-electrique.com\/blog\/#\/schema\/person\/40b4e539f458537c8fe5813ac681fea9\"},\"headline\":\"La gamme Wiser de Schneider : gestion du chauffage\",\"datePublished\":\"2023-10-20T09:38:32+00:00\",\"dateModified\":\"2024-10-11T13:54:06+00:00\",\"mainEntityOfPage\":{\"@id\":\"https:\/\/www.la-maison-electrique.com\/blog\/2023\/10\/20\/gamme-wiser-schneider\/\"},\"wordCount\":897,\"publisher\":{\"@id\":\"https:\/\/www.la-maison-electrique.com\/blog\/#organization\"},\"image\":{\"@id\":\"https:\/\/www.la-maison-electrique.com\/blog\/2023\/10\/20\/gamme-wiser-schneider\/#primaryimage\"},\"thumbnailUrl\":\"https:\/\/www.la-maison-electrique.com\/blog\/wp-content\/uploads\/2023\/10\/Image-Gamme-Wiser.jpg\",\"keywords\":[\"Chauffage\",\"confort\",\"connect\u00e9\",\"Wiser\"],\"articleSection\":[\"Chauffage et Ventilation\",\"Domotique et S\u00e9curit\u00e9\"],\"inLanguage\":\"fr-FR\"},{\"@type\":\"WebPage\",\"@id\":\"https:\/\/www.la-maison-electrique.com\/blog\/2023\/10\/20\/gamme-wiser-schneider\/\",\"url\":\"https:\/\/www.la-maison-electrique.com\/blog\/2023\/10\/20\/gamme-wiser-schneider\/\",\"name\":\"La gamme Wiser de Schneider : gestion du chauffage - Blog LME\",\"isPartOf\":{\"@id\":\"https:\/\/www.la-maison-electrique.com\/blog\/#website\"},\"primaryImageOfPage\":{\"@id\":\"https:\/\/www.la-maison-electrique.com\/blog\/2023\/10\/20\/gamme-wiser-schneider\/#primaryimage\"},\"image\":{\"@id\":\"https:\/\/www.la-maison-electrique.com\/blog\/2023\/10\/20\/gamme-wiser-schneider\/#primaryimage\"},\"thumbnailUrl\":\"https:\/\/www.la-maison-electrique.com\/blog\/wp-content\/uploads\/2023\/10\/Image-Gamme-Wiser.jpg\",\"datePublished\":\"2023-10-20T09:38:32+00:00\",\"dateModified\":\"2024-10-11T13:54:06+00:00\",\"description\":\"D\u00e9couvrez la gamme Wiser de Schneider pour g\u00e9rer efficacement votre chauffage. Optimisez votre confort et \u00e9conomisez de l'\u00e9nergie.\",\"breadcrumb\":{\"@id\":\"https:\/\/www.la-maison-electrique.com\/blog\/2023\/10\/20\/gamme-wiser-schneider\/#breadcrumb\"},\"inLanguage\":\"fr-FR\",\"potentialAction\":[{\"@type\":\"ReadAction\",\"target\":[\"https:\/\/www.la-maison-electrique.com\/blog\/2023\/10\/20\/gamme-wiser-schneider\/\"]}]},{\"@type\":\"ImageObject\",\"inLanguage\":\"fr-FR\",\"@id\":\"https:\/\/www.la-maison-electrique.com\/blog\/2023\/10\/20\/gamme-wiser-schneider\/#primaryimage\",\"url\":\"https:\/\/www.la-maison-electrique.com\/blog\/wp-content\/uploads\/2023\/10\/Image-Gamme-Wiser.jpg\",\"contentUrl\":\"https:\/\/www.la-maison-electrique.com\/blog\/wp-content\/uploads\/2023\/10\/Image-Gamme-Wiser.jpg\",\"width\":1200,\"height\":500},{\"@type\":\"BreadcrumbList\",\"@id\":\"https:\/\/www.la-maison-electrique.com\/blog\/2023\/10\/20\/gamme-wiser-schneider\/#breadcrumb\",\"itemListElement\":[{\"@type\":\"ListItem\",\"position\":1,\"name\":\"LME\",\"item\":\"https:\/\/www.la-maison-electrique.com\/blog\/\"},{\"@type\":\"ListItem\",\"position\":2,\"name\":\"Chauffage et Ventilation\",\"item\":\"https:\/\/www.la-maison-electrique.com\/blog\/category\/chauffage-et-ventilation\/\"},{\"@type\":\"ListItem\",\"position\":3,\"name\":\"La gamme Wiser de Schneider : gestion du chauffage\"}]},{\"@type\":\"WebSite\",\"@id\":\"https:\/\/www.la-maison-electrique.com\/blog\/#website\",\"url\":\"https:\/\/www.la-maison-electrique.com\/blog\/\",\"name\":\"Blog LME\",\"description\":\"Le mat\u00e9riel \u00e9lectrique de qualit\u00e9 professionnelle pour tous, \u00e0 prix grossiste\",\"publisher\":{\"@id\":\"https:\/\/www.la-maison-electrique.com\/blog\/#organization\"},\"potentialAction\":[{\"@type\":\"SearchAction\",\"target\":{\"@type\":\"EntryPoint\",\"urlTemplate\":\"https:\/\/www.la-maison-electrique.com\/blog\/?s={search_term_string}\"},\"query-input\":{\"@type\":\"PropertyValueSpecification\",\"valueRequired\":true,\"valueName\":\"search_term_string\"}}],\"inLanguage\":\"fr-FR\"},{\"@type\":\"Organization\",\"@id\":\"https:\/\/www.la-maison-electrique.com\/blog\/#organization\",\"name\":\"Blog LME\",\"url\":\"https:\/\/www.la-maison-electrique.com\/blog\/\",\"logo\":{\"@type\":\"ImageObject\",\"inLanguage\":\"fr-FR\",\"@id\":\"https:\/\/www.la-maison-electrique.com\/blog\/#\/schema\/logo\/image\/\",\"url\":\"https:\/\/www.la-maison-electrique.com\/blog\/wp-content\/uploads\/2023\/09\/cropped-la-maison-electrique-logo.png\",\"contentUrl\":\"https:\/\/www.la-maison-electrique.com\/blog\/wp-content\/uploads\/2023\/09\/cropped-la-maison-electrique-logo.png\",\"width\":200,\"height\":47,\"caption\":\"Blog LME\"},\"image\":{\"@id\":\"https:\/\/www.la-maison-electrique.com\/blog\/#\/schema\/logo\/image\/\"}},{\"@type\":\"Person\",\"@id\":\"https:\/\/www.la-maison-electrique.com\/blog\/#\/schema\/person\/40b4e539f458537c8fe5813ac681fea9\",\"name\":\"La Maison Electrique\",\"image\":{\"@type\":\"ImageObject\",\"inLanguage\":\"fr-FR\",\"@id\":\"https:\/\/www.la-maison-electrique.com\/blog\/#\/schema\/person\/image\/\",\"url\":\"https:\/\/secure.gravatar.com\/avatar\/c4de0370596321e9663c222aba790d7326007c4b0b8776881a99428b1c334a4b?s=96&d=mm&r=g\",\"contentUrl\":\"https:\/\/secure.gravatar.com\/avatar\/c4de0370596321e9663c222aba790d7326007c4b0b8776881a99428b1c334a4b?s=96&d=mm&r=g\",\"caption\":\"La Maison Electrique\"},\"url\":\"https:\/\/www.la-maison-electrique.com\/blog\/author\/lme\/\"}]}<\/script>\n<!-- \/ Yoast SEO plugin. -->","yoast_head_json":{"title":"La gamme Wiser de Schneider : gestion du chauffage - Blog LME","description":"D\u00e9couvrez la gamme Wiser de Schneider pour g\u00e9rer efficacement votre chauffage. Optimisez votre confort et \u00e9conomisez de l'\u00e9nergie.","robots":{"index":"index","follow":"follow","max-snippet":"max-snippet:-1","max-image-preview":"max-image-preview:large","max-video-preview":"max-video-preview:-1"},"canonical":"https:\/\/www.la-maison-electrique.com\/blog\/2023\/10\/20\/gamme-wiser-schneider\/","og_locale":"fr_FR","og_type":"article","og_title":"La gamme Wiser de Schneider : gestion du chauffage - Blog LME","og_description":"D\u00e9couvrez la gamme Wiser de Schneider pour g\u00e9rer efficacement votre chauffage. Optimisez votre confort et \u00e9conomisez de l'\u00e9nergie.","og_url":"https:\/\/www.la-maison-electrique.com\/blog\/2023\/10\/20\/gamme-wiser-schneider\/","og_site_name":"Blog LME","article_published_time":"2023-10-20T09:38:32+00:00","article_modified_time":"2024-10-11T13:54:06+00:00","og_image":[{"width":1200,"height":500,"url":"https:\/\/www.la-maison-electrique.com\/blog\/wp-content\/uploads\/2023\/10\/Image-Gamme-Wiser.jpg","type":"image\/jpeg"}],"author":"La Maison Electrique","twitter_card":"summary_large_image","twitter_misc":{"\u00c9crit par":"La Maison Electrique","Dur\u00e9e de lecture estim\u00e9e":"6 minutes"},"schema":{"@context":"https:\/\/schema.org","@graph":[{"@type":"Article","@id":"https:\/\/www.la-maison-electrique.com\/blog\/2023\/10\/20\/gamme-wiser-schneider\/#article","isPartOf":{"@id":"https:\/\/www.la-maison-electrique.com\/blog\/2023\/10\/20\/gamme-wiser-schneider\/"},"author":{"name":"La Maison Electrique","@id":"https:\/\/www.la-maison-electrique.com\/blog\/#\/schema\/person\/40b4e539f458537c8fe5813ac681fea9"},"headline":"La gamme Wiser de Schneider : gestion du chauffage","datePublished":"2023-10-20T09:38:32+00:00","dateModified":"2024-10-11T13:54:06+00:00","mainEntityOfPage":{"@id":"https:\/\/www.la-maison-electrique.com\/blog\/2023\/10\/20\/gamme-wiser-schneider\/"},"wordCount":897,"publisher":{"@id":"https:\/\/www.la-maison-electrique.com\/blog\/#organization"},"image":{"@id":"https:\/\/www.la-maison-electrique.com\/blog\/2023\/10\/20\/gamme-wiser-schneider\/#primaryimage"},"thumbnailUrl":"https:\/\/www.la-maison-electrique.com\/blog\/wp-content\/uploads\/2023\/10\/Image-Gamme-Wiser.jpg","keywords":["Chauffage","confort","connect\u00e9","Wiser"],"articleSection":["Chauffage et Ventilation","Domotique et S\u00e9curit\u00e9"],"inLanguage":"fr-FR"},{"@type":"WebPage","@id":"https:\/\/www.la-maison-electrique.com\/blog\/2023\/10\/20\/gamme-wiser-schneider\/","url":"https:\/\/www.la-maison-electrique.com\/blog\/2023\/10\/20\/gamme-wiser-schneider\/","name":"La gamme Wiser de Schneider : gestion du chauffage - Blog LME","isPartOf":{"@id":"https:\/\/www.la-maison-electrique.com\/blog\/#website"},"primaryImageOfPage":{"@id":"https:\/\/www.la-maison-electrique.com\/blog\/2023\/10\/20\/gamme-wiser-schneider\/#primaryimage"},"image":{"@id":"https:\/\/www.la-maison-electrique.com\/blog\/2023\/10\/20\/gamme-wiser-schneider\/#primaryimage"},"thumbnailUrl":"https:\/\/www.la-maison-electrique.com\/blog\/wp-content\/uploads\/2023\/10\/Image-Gamme-Wiser.jpg","datePublished":"2023-10-20T09:38:32+00:00","dateModified":"2024-10-11T13:54:06+00:00","description":"D\u00e9couvrez la gamme Wiser de Schneider pour g\u00e9rer efficacement votre chauffage. Optimisez votre confort et \u00e9conomisez de l'\u00e9nergie.","breadcrumb":{"@id":"https:\/\/www.la-maison-electrique.com\/blog\/2023\/10\/20\/gamme-wiser-schneider\/#breadcrumb"},"inLanguage":"fr-FR","potentialAction":[{"@type":"ReadAction","target":["https:\/\/www.la-maison-electrique.com\/blog\/2023\/10\/20\/gamme-wiser-schneider\/"]}]},{"@type":"ImageObject","inLanguage":"fr-FR","@id":"https:\/\/www.la-maison-electrique.com\/blog\/2023\/10\/20\/gamme-wiser-schneider\/#primaryimage","url":"https:\/\/www.la-maison-electrique.com\/blog\/wp-content\/uploads\/2023\/10\/Image-Gamme-Wiser.jpg","contentUrl":"https:\/\/www.la-maison-electrique.com\/blog\/wp-content\/uploads\/2023\/10\/Image-Gamme-Wiser.jpg","width":1200,"height":500},{"@type":"BreadcrumbList","@id":"https:\/\/www.la-maison-electrique.com\/blog\/2023\/10\/20\/gamme-wiser-schneider\/#breadcrumb","itemListElement":[{"@type":"ListItem","position":1,"name":"LME","item":"https:\/\/www.la-maison-electrique.com\/blog\/"},{"@type":"ListItem","position":2,"name":"Chauffage et Ventilation","item":"https:\/\/www.la-maison-electrique.com\/blog\/category\/chauffage-et-ventilation\/"},{"@type":"ListItem","position":3,"name":"La gamme Wiser de Schneider : gestion du chauffage"}]},{"@type":"WebSite","@id":"https:\/\/www.la-maison-electrique.com\/blog\/#website","url":"https:\/\/www.la-maison-electrique.com\/blog\/","name":"Blog LME","description":"Le mat\u00e9riel \u00e9lectrique de qualit\u00e9 professionnelle pour tous, \u00e0 prix grossiste","publisher":{"@id":"https:\/\/www.la-maison-electrique.com\/blog\/#organization"},"potentialAction":[{"@type":"SearchAction","target":{"@type":"EntryPoint","urlTemplate":"https:\/\/www.la-maison-electrique.com\/blog\/?s={search_term_string}"},"query-input":{"@type":"PropertyValueSpecification","valueRequired":true,"valueName":"search_term_string"}}],"inLanguage":"fr-FR"},{"@type":"Organization","@id":"https:\/\/www.la-maison-electrique.com\/blog\/#organization","name":"Blog LME","url":"https:\/\/www.la-maison-electrique.com\/blog\/","logo":{"@type":"ImageObject","inLanguage":"fr-FR","@id":"https:\/\/www.la-maison-electrique.com\/blog\/#\/schema\/logo\/image\/","url":"https:\/\/www.la-maison-electrique.com\/blog\/wp-content\/uploads\/2023\/09\/cropped-la-maison-electrique-logo.png","contentUrl":"https:\/\/www.la-maison-electrique.com\/blog\/wp-content\/uploads\/2023\/09\/cropped-la-maison-electrique-logo.png","width":200,"height":47,"caption":"Blog LME"},"image":{"@id":"https:\/\/www.la-maison-electrique.com\/blog\/#\/schema\/logo\/image\/"}},{"@type":"Person","@id":"https:\/\/www.la-maison-electrique.com\/blog\/#\/schema\/person\/40b4e539f458537c8fe5813ac681fea9","name":"La Maison Electrique","image":{"@type":"ImageObject","inLanguage":"fr-FR","@id":"https:\/\/www.la-maison-electrique.com\/blog\/#\/schema\/person\/image\/","url":"https:\/\/secure.gravatar.com\/avatar\/c4de0370596321e9663c222aba790d7326007c4b0b8776881a99428b1c334a4b?s=96&d=mm&r=g","contentUrl":"https:\/\/secure.gravatar.com\/avatar\/c4de0370596321e9663c222aba790d7326007c4b0b8776881a99428b1c334a4b?s=96&d=mm&r=g","caption":"La Maison Electrique"},"url":"https:\/\/www.la-maison-electrique.com\/blog\/author\/lme\/"}]}},"_links":{"self":[{"href":"https:\/\/www.la-maison-electrique.com\/blog\/wp-json\/wp\/v2\/posts\/169","targetHints":{"allow":["GET"]}}],"collection":[{"href":"https:\/\/www.la-maison-electrique.com\/blog\/wp-json\/wp\/v2\/posts"}],"about":[{"href":"https:\/\/www.la-maison-electrique.com\/blog\/wp-json\/wp\/v2\/types\/post"}],"author":[{"embeddable":true,"href":"https:\/\/www.la-maison-electrique.com\/blog\/wp-json\/wp\/v2\/users\/2"}],"replies":[{"embeddable":true,"href":"https:\/\/www.la-maison-electrique.com\/blog\/wp-json\/wp\/v2\/comments?post=169"}],"version-history":[{"count":22,"href":"https:\/\/www.la-maison-electrique.com\/blog\/wp-json\/wp\/v2\/posts\/169\/revisions"}],"predecessor-version":[{"id":442,"href":"https:\/\/www.la-maison-electrique.com\/blog\/wp-json\/wp\/v2\/posts\/169\/revisions\/442"}],"wp:featuredmedia":[{"embeddable":true,"href":"https:\/\/www.la-maison-electrique.com\/blog\/wp-json\/wp\/v2\/media\/293"}],"wp:attachment":[{"href":"https:\/\/www.la-maison-electrique.com\/blog\/wp-json\/wp\/v2\/media?parent=169"}],"wp:term":[{"taxonomy":"category","embeddable":true,"href":"https:\/\/www.la-maison-electrique.com\/blog\/wp-json\/wp\/v2\/categories?post=169"},{"taxonomy":"post_tag","embeddable":true,"href":"https:\/\/www.la-maison-electrique.com\/blog\/wp-json\/wp\/v2\/tags?post=169"}],"curies":[{"name":"wp","href":"https:\/\/api.w.org\/{rel}","templated":true}]}}