{"id":2001,"date":"2026-04-23T15:00:00","date_gmt":"2026-04-23T13:00:00","guid":{"rendered":"https:\/\/www.la-maison-electrique.com\/blog\/?p=2001"},"modified":"2026-04-28T11:27:40","modified_gmt":"2026-04-28T09:27:40","slug":"schneider-resi9-accessoires","status":"publish","type":"post","link":"https:\/\/www.la-maison-electrique.com\/blog\/2026\/04\/23\/schneider-resi9-accessoires\/","title":{"rendered":"Schneider Resi9 : l&rsquo;\u00e9cosyst\u00e8me pour un tableau \u00e9lectrique s\u00e9curis\u00e9"},"content":{"rendered":"\n<p>Les disjoncteurs Schneider, notamment la gamme Resi9, sont con\u00e7us pour prot\u00e9ger une installation \u00e9lectrique contre les surcharges et les courts-circuits. En r\u00e9sidentiel, ils s\u2019int\u00e8grent dans un tableau conforme \u00e0 la norme <strong>NF C 15-100<\/strong>, en association avec des interrupteurs diff\u00e9rentiels 30 mA.<\/p>\n\n\n\n<p>Les disjoncteurs Schneider sont largement utilis\u00e9s en France pour leur fiabilit\u00e9, leur compatibilit\u00e9 avec les tableaux modulaires standards (rail DIN 18 mm) et la simplicit\u00e9 de raccordement.<\/p>\n\n\n\n<blockquote class=\"wp-block-quote is-layout-flow wp-block-quote-is-layout-flow\">\n<p>Dans cet article, vous allez voir :<\/p>\n\n\n\n<ul class=\"wp-block-list\">\n<li><a href=\"#1\"><strong>Comment associer disjoncteurs, diff\u00e9rentiels et accessoires<\/strong><\/a><\/li>\n\n\n\n<li><a href=\"#2\"><strong>Comment choisir le bon disjoncteur Schneider<\/strong><\/a><\/li>\n\n\n\n<li><strong><a href=\"#3\">Accessoires de tableau : peignes, prises modulaires et blocs combin\u00e9s<\/a><\/strong><\/li>\n\n\n\n<li><strong><a href=\"#4\">Comment organiser un tableau \u00e9lectrique conforme<\/a><\/strong><\/li>\n<\/ul>\n<\/blockquote>\n\n\n\n<p><\/p>\n\n\n\n<hr class=\"wp-block-separator has-alpha-channel-opacity\"\/>\n\n\n\n<h2 class=\"wp-block-heading\" id=\"1\">Comment associer disjoncteurs, diff\u00e9rentiels et accessoires<\/h2>\n\n\n\n<p>Un tableau \u00e9lectrique fonctionne toujours selon une <strong>logique hi\u00e9rarchique simple<\/strong> :<\/p>\n\n\n\n<ol class=\"wp-block-list\">\n<li><strong>En amont : l\u2019interrupteur diff\u00e9rentiel<\/strong><br>\u2192 prot\u00e8ge un groupe de circuits (s\u00e9curit\u00e9 des personnes)<\/li>\n\n\n\n<li><strong>En aval : les disjoncteurs<\/strong><br>\u2192 prot\u00e8gent chaque circuit individuellement (c\u00e2bles et appareils)<\/li>\n\n\n\n<li><strong>En sortie : les circuits et accessoires<\/strong><br>\u2192 prises, \u00e9clairage, \u00e9quipements, modules compl\u00e9mentaires<\/li>\n<\/ol>\n\n\n<div class=\"wp-block-image\">\n<figure class=\"aligncenter size-large\"><img loading=\"lazy\" decoding=\"async\" width=\"1024\" height=\"819\" src=\"https:\/\/www.la-maison-electrique.com\/blog\/wp-content\/uploads\/2026\/04\/schema-tableau-1024x819.jpg\" alt=\"\" class=\"wp-image-2011\" style=\"aspect-ratio:1.2503197897527734\" srcset=\"https:\/\/www.la-maison-electrique.com\/blog\/wp-content\/uploads\/2026\/04\/schema-tableau-1024x819.jpg 1024w, https:\/\/www.la-maison-electrique.com\/blog\/wp-content\/uploads\/2026\/04\/schema-tableau-300x240.jpg 300w, https:\/\/www.la-maison-electrique.com\/blog\/wp-content\/uploads\/2026\/04\/schema-tableau-768x614.jpg 768w, https:\/\/www.la-maison-electrique.com\/blog\/wp-content\/uploads\/2026\/04\/schema-tableau.jpg 1175w\" sizes=\"auto, (max-width: 1024px) 100vw, 1024px\" \/><figcaption class=\"wp-element-caption\"><br>*Cet exemple peut varier selon la taille du logement et la configuration du tableau<\/figcaption><\/figure>\n<\/div>\n\n\n<h3 class=\"wp-block-heading\">Interrupteurs diff\u00e9rentiels Schneider Resi9 : la protection contre les fuites<\/h3>\n\n\n\n<p>Un disjoncteur prot\u00e8ge une installation contre les <strong>surcharges et les courts-circuits<\/strong>, mais il ne prot\u00e8ge pas directement les personnes.<br>Pour cela, l\u2019installation doit int\u00e9grer un <strong>interrupteur diff\u00e9rentiel 30 mA<\/strong>, qui d\u00e9tecte les fuites de courant vers la terre (d\u00e9faut d\u2019isolement).<\/p>\n\n\n\n<p>-&gt; Concr\u00e8tement, d\u00e8s qu\u2019un courant de fuite d\u00e9passe <strong>30 milliamp\u00e8res<\/strong>, le diff\u00e9rentiel coupe l\u2019alimentation en quelques millisecondes, ce qui limite fortement les risques d\u2019\u00e9lectrocution.<\/p>\n\n\n\n<hr class=\"wp-block-separator has-alpha-channel-opacity\"\/>\n\n\n\n<h3 class=\"wp-block-heading\">Type A vs type AC : quelles diff\u00e9rences ?<\/h3>\n\n\n\n<p>Il existe plusieurs types d\u2019interrupteurs diff\u00e9rentiels, adapt\u00e9s aux usages domestiques.<\/p>\n\n\n\n<div class=\"wp-block-columns is-layout-flex wp-container-core-columns-is-layout-9d6595d7 wp-block-columns-is-layout-flex\">\n<div class=\"wp-block-column is-layout-flow wp-block-column-is-layout-flow\"><\/div>\n\n\n\n<div class=\"wp-block-column is-layout-flow wp-block-column-is-layout-flow\"><\/div>\n\n\n\n<div class=\"wp-block-column is-layout-flow wp-block-column-is-layout-flow\"><\/div>\n<\/div>\n\n\n\n<div class=\"wp-block-columns is-layout-flex wp-container-core-columns-is-layout-9d6595d7 wp-block-columns-is-layout-flex\">\n<div class=\"wp-block-column is-vertically-aligned-center is-layout-flow wp-block-column-is-layout-flow\">\n<p><strong>Type AC<\/strong> :<br><br>d\u00e9tecte les courants de fuite alternatifs classiques<br>\u2192 adapt\u00e9 aux circuits standards : \u00e9clairage, prises classiques<\/p>\n<\/div>\n\n\n\n<div class=\"wp-block-column is-layout-flow wp-block-column-is-layout-flow\">\n<figure class=\"wp-block-image size-full\"><a href=\"https:\/\/www.la-maison-electrique.com\/interrupteurs-differentiels-schneider\/63812-resi9-xe-interrupteur-differentiel-2p-40a-30ma-type-ac-embrochable-3606481100276.html\"><img loading=\"lazy\" decoding=\"async\" width=\"800\" height=\"800\" src=\"https:\/\/www.la-maison-electrique.com\/blog\/wp-content\/uploads\/2026\/04\/resi9-xe-interrupteur-differentiel-2p-40a-30ma-type-ac-embrochable.jpg\" alt=\"interrupteur differentiel schneider 40A 30mA type AC\" class=\"wp-image-2007\" srcset=\"https:\/\/www.la-maison-electrique.com\/blog\/wp-content\/uploads\/2026\/04\/resi9-xe-interrupteur-differentiel-2p-40a-30ma-type-ac-embrochable.jpg 800w, https:\/\/www.la-maison-electrique.com\/blog\/wp-content\/uploads\/2026\/04\/resi9-xe-interrupteur-differentiel-2p-40a-30ma-type-ac-embrochable-300x300.jpg 300w, https:\/\/www.la-maison-electrique.com\/blog\/wp-content\/uploads\/2026\/04\/resi9-xe-interrupteur-differentiel-2p-40a-30ma-type-ac-embrochable-150x150.jpg 150w, https:\/\/www.la-maison-electrique.com\/blog\/wp-content\/uploads\/2026\/04\/resi9-xe-interrupteur-differentiel-2p-40a-30ma-type-ac-embrochable-768x768.jpg 768w, https:\/\/www.la-maison-electrique.com\/blog\/wp-content\/uploads\/2026\/04\/resi9-xe-interrupteur-differentiel-2p-40a-30ma-type-ac-embrochable-600x600.jpg 600w\" sizes=\"auto, (max-width: 800px) 100vw, 800px\" \/><\/a><figcaption class=\"wp-element-caption\">2P &#8211; <strong>40A <\/strong>&#8211; 30mA &#8211; Type AC<\/figcaption><\/figure>\n<\/div>\n\n\n\n<div class=\"wp-block-column is-layout-flow wp-block-column-is-layout-flow\">\n<figure class=\"wp-block-image size-full\"><a href=\"https:\/\/www.la-maison-electrique.com\/interrupteurs-differentiels-schneider\/63813-resi9-xe-interrupteur-differentiel-2p-63a-30ma-type-ac-embrochable-3606481100283.html\"><img loading=\"lazy\" decoding=\"async\" width=\"800\" height=\"800\" src=\"https:\/\/www.la-maison-electrique.com\/blog\/wp-content\/uploads\/2026\/04\/resi9-xe-interrupteur-differentiel-2p-63a-30ma-type-ac-embrochable.jpg\" alt=\"\" class=\"wp-image-2008\" srcset=\"https:\/\/www.la-maison-electrique.com\/blog\/wp-content\/uploads\/2026\/04\/resi9-xe-interrupteur-differentiel-2p-63a-30ma-type-ac-embrochable.jpg 800w, https:\/\/www.la-maison-electrique.com\/blog\/wp-content\/uploads\/2026\/04\/resi9-xe-interrupteur-differentiel-2p-63a-30ma-type-ac-embrochable-300x300.jpg 300w, https:\/\/www.la-maison-electrique.com\/blog\/wp-content\/uploads\/2026\/04\/resi9-xe-interrupteur-differentiel-2p-63a-30ma-type-ac-embrochable-150x150.jpg 150w, https:\/\/www.la-maison-electrique.com\/blog\/wp-content\/uploads\/2026\/04\/resi9-xe-interrupteur-differentiel-2p-63a-30ma-type-ac-embrochable-768x768.jpg 768w, https:\/\/www.la-maison-electrique.com\/blog\/wp-content\/uploads\/2026\/04\/resi9-xe-interrupteur-differentiel-2p-63a-30ma-type-ac-embrochable-600x600.jpg 600w\" sizes=\"auto, (max-width: 800px) 100vw, 800px\" \/><\/a><figcaption class=\"wp-element-caption\">2P &#8211; <strong>63A <\/strong>&#8211; 30mA &#8211; Type AC<\/figcaption><\/figure>\n<\/div>\n<\/div>\n\n\n\n<hr class=\"wp-block-separator has-alpha-channel-opacity is-style-wide\"\/>\n\n\n\n<div class=\"wp-block-columns is-layout-flex wp-container-core-columns-is-layout-9d6595d7 wp-block-columns-is-layout-flex\">\n<div class=\"wp-block-column is-layout-flow wp-block-column-is-layout-flow\">\n<p><strong>Type A<\/strong> :<br>d\u00e9tecte les courants alternatifs + les courants r\u00e9siduels puls\u00e9s (appareils \u00e9lectroniques)<br>\u2192 obligatoire pour certains \u00e9quipements :<\/p>\n\n\n\n<ul class=\"wp-block-list\">\n<li>lave-linge<\/li>\n\n\n\n<li>plaques de cuisson<\/li>\n\n\n\n<li>borne de recharge pour v\u00e9hicule \u00e9lectrique<\/li>\n<\/ul>\n<\/div>\n\n\n\n<div class=\"wp-block-column is-layout-flow wp-block-column-is-layout-flow\">\n<figure class=\"wp-block-image size-full\"><a href=\"https:\/\/www.la-maison-electrique.com\/interrupteurs-differentiels-schneider\/63812-resi9-xe-interrupteur-differentiel-2p-40a-30ma-type-ac-embrochable-3606481100276.html\"><img loading=\"lazy\" decoding=\"async\" width=\"800\" height=\"800\" src=\"https:\/\/www.la-maison-electrique.com\/blog\/wp-content\/uploads\/2026\/04\/resi9-xe-interrupteur-differentiel-2p-40a-30ma-type-ac-embrochable.jpg\" alt=\"interrupteur differentiel schneider 40A 30mA type AC\" class=\"wp-image-2007\" srcset=\"https:\/\/www.la-maison-electrique.com\/blog\/wp-content\/uploads\/2026\/04\/resi9-xe-interrupteur-differentiel-2p-40a-30ma-type-ac-embrochable.jpg 800w, https:\/\/www.la-maison-electrique.com\/blog\/wp-content\/uploads\/2026\/04\/resi9-xe-interrupteur-differentiel-2p-40a-30ma-type-ac-embrochable-300x300.jpg 300w, https:\/\/www.la-maison-electrique.com\/blog\/wp-content\/uploads\/2026\/04\/resi9-xe-interrupteur-differentiel-2p-40a-30ma-type-ac-embrochable-150x150.jpg 150w, https:\/\/www.la-maison-electrique.com\/blog\/wp-content\/uploads\/2026\/04\/resi9-xe-interrupteur-differentiel-2p-40a-30ma-type-ac-embrochable-768x768.jpg 768w, https:\/\/www.la-maison-electrique.com\/blog\/wp-content\/uploads\/2026\/04\/resi9-xe-interrupteur-differentiel-2p-40a-30ma-type-ac-embrochable-600x600.jpg 600w\" sizes=\"auto, (max-width: 800px) 100vw, 800px\" \/><\/a><figcaption class=\"wp-element-caption\">2P &#8211; <strong>40A <\/strong>&#8211; 30mA &#8211; Type A<\/figcaption><\/figure>\n<\/div>\n\n\n\n<div class=\"wp-block-column is-layout-flow wp-block-column-is-layout-flow\">\n<figure class=\"wp-block-image size-full\"><a href=\"https:\/\/www.la-maison-electrique.com\/interrupteurs-differentiels-schneider\/63813-resi9-xe-interrupteur-differentiel-2p-63a-30ma-type-ac-embrochable-3606481100283.html\"><img loading=\"lazy\" decoding=\"async\" width=\"800\" height=\"800\" src=\"https:\/\/www.la-maison-electrique.com\/blog\/wp-content\/uploads\/2026\/04\/resi9-xe-interrupteur-differentiel-2p-63a-30ma-type-ac-embrochable.jpg\" alt=\"\" class=\"wp-image-2008\" srcset=\"https:\/\/www.la-maison-electrique.com\/blog\/wp-content\/uploads\/2026\/04\/resi9-xe-interrupteur-differentiel-2p-63a-30ma-type-ac-embrochable.jpg 800w, https:\/\/www.la-maison-electrique.com\/blog\/wp-content\/uploads\/2026\/04\/resi9-xe-interrupteur-differentiel-2p-63a-30ma-type-ac-embrochable-300x300.jpg 300w, https:\/\/www.la-maison-electrique.com\/blog\/wp-content\/uploads\/2026\/04\/resi9-xe-interrupteur-differentiel-2p-63a-30ma-type-ac-embrochable-150x150.jpg 150w, https:\/\/www.la-maison-electrique.com\/blog\/wp-content\/uploads\/2026\/04\/resi9-xe-interrupteur-differentiel-2p-63a-30ma-type-ac-embrochable-768x768.jpg 768w, https:\/\/www.la-maison-electrique.com\/blog\/wp-content\/uploads\/2026\/04\/resi9-xe-interrupteur-differentiel-2p-63a-30ma-type-ac-embrochable-600x600.jpg 600w\" sizes=\"auto, (max-width: 800px) 100vw, 800px\" \/><\/a><figcaption class=\"wp-element-caption\">2P &#8211; <strong>63A <\/strong>&#8211; 30mA &#8211; Type A<\/figcaption><\/figure>\n<\/div>\n<\/div>\n\n\n\n<p>Les produits pr\u00e9sent\u00e9s ci-dessus sont issus de la gamme Schneider Resi9 XE, vous trouverez les m\u00eames r\u00e9f\u00e9rences pour la gamme Resi9 XP ainsi qu&rsquo;un r\u00e9capitulatif de tous les produits Resi9XE et Resi9XP en pied de page :<\/p>\n\n\n\n<p><br>L&rsquo;interrupteur diff\u00e9rentiel de <strong>type A est de plus en plus utilis\u00e9<\/strong>, car les logements modernes comportent de plus en plus d\u2019\u00e9quipements \u00e9lectroniques.<\/p>\n\n\n\n<hr class=\"wp-block-separator has-alpha-channel-opacity is-style-wide\"\/>\n\n\n\n<h3 class=\"wp-block-heading\">R\u00e9partition des circuits : ce que dit la norme NF C 15-100<\/h3>\n\n\n\n<p>La norme <strong>NF C 15-100 n\u2019impose pas un interrupteur diff\u00e9rentiel par circuit<\/strong>. En revanche, elle impose plusieurs interrupteurs diff\u00e9rentiels dans le tableau, avec une r\u00e9partition \u00e9quilibr\u00e9e des circuits sous les diff\u00e9rentiels. <\/p>\n\n\n\n<p>Cette r\u00e9partition a pour but d&rsquo;\u00e9viter qu&rsquo;un <strong>d\u00e9faut <\/strong>coupe l&rsquo;\u00e9lectricit\u00e9 de toute l&rsquo;installation, ce qui permet d&rsquo;am\u00e9liorer la <strong>continuit\u00e9 de service<\/strong>.<\/p>\n\n\n\n<hr class=\"wp-block-separator has-alpha-channel-opacity is-style-wide\" id=\"2\"\/>\n\n\n\n<h2 class=\"wp-block-heading\">Comment choisir le bon disjoncteur Schneider Resi9 ?<\/h2>\n\n\n\n<p>Choisir un disjoncteur ne consiste pas seulement \u00e0 prendre un mod\u00e8le au hasard.<br>Pour \u00eatre efficace et conforme, il doit \u00eatre <strong>adapt\u00e9 au circuit, \u00e0 la puissance des appareils et au c\u00e2blage<\/strong>.<\/p>\n\n\n\n<p>\ud83d\udc49 En pratique, le choix repose sur <strong>3 crit\u00e8res essentiels<\/strong> :<\/p>\n\n\n\n<ul class=\"wp-block-list\">\n<li>le <strong>calibre (en amp\u00e8res)<\/strong><\/li>\n\n\n\n<li>la <strong>courbe de d\u00e9clenchement (B, C ou D)<\/strong><\/li>\n\n\n\n<li>le <strong>type d\u2019installation (monophas\u00e9 ou triphas\u00e9)<\/strong><\/li>\n<\/ul>\n\n\n\n<hr class=\"wp-block-separator has-alpha-channel-opacity\"\/>\n\n\n\n<h3 class=\"wp-block-heading\">Disjoncteurs Schneider Resi9 : une solution adapt\u00e9e au r\u00e9sidentiel<\/h3>\n\n\n\n<p>La gamme Resi9 de Schneider Electric est con\u00e7ue pour r\u00e9pondre aux besoins des installations \u00e9lectriques domestiques.<\/p>\n\n\n\n<p>Elle propose :<\/p>\n\n\n\n<ul class=\"wp-block-list\">\n<li>diff\u00e9rents <strong>calibres <\/strong>adapt\u00e9s \u00e0 toutes possibilit\u00e9s<\/li>\n\n\n\n<li>diff\u00e9rentes <strong>courbes de d\u00e9clenchement (B, C, D)<\/strong><\/li>\n\n\n\n<li>des formats adapt\u00e9s au <strong>monophas\u00e9 et au triphas\u00e9<\/strong><\/li>\n<\/ul>\n\n\n\n<p>Ces disjoncteurs sont compatibles avec les tableaux modulaires standards (rail DIN, pas de 18 mm) et permettent un raccordement rapide gr\u00e2ce \u00e0 leurs bornes automatiques.<\/p>\n\n\n\n<figure class=\"wp-block-table\"><table class=\"has-fixed-layout\"><tbody><tr><td class=\"has-text-align-center\" data-align=\"center\">Calibre<\/td><td class=\"has-text-align-center\" data-align=\"center\">Resi9 XP<\/td><td class=\"has-text-align-center\" data-align=\"center\">Resi9 XE<\/td><\/tr><tr><td class=\"has-text-align-center\" data-align=\"center\">2A<\/td><td class=\"has-text-align-center\" data-align=\"center\"><a href=\"https:\/\/www.la-maison-electrique.com\/disjoncteurs-schneider\/68231-resi9-xp-disjoncteur-modulaire-1pn-2a-courbe-c-peignable-r9pfc602-3606481160492.html\"><strong>SCH R9PFC602<\/strong><\/a><\/td><td class=\"has-text-align-center\" data-align=\"center\"><strong><a href=\"https:\/\/www.la-maison-electrique.com\/disjoncteurs-schneider\/63814-resi9-xe-disjoncteur-modulaire-1pn-2a-courbe-c-embrochable-3606481160379.html\">SCH R9EFC602<\/a><\/strong><\/td><\/tr><tr><td class=\"has-text-align-center\" data-align=\"center\">10A<\/td><td class=\"has-text-align-center\" data-align=\"center\"><strong><a href=\"https:\/\/www.la-maison-electrique.com\/disjoncteurs-schneider\/68233-resi9-xp-disjoncteur-modulaire-1pn-10a-courbe-c-peignable-r9pfc610-3606481160515.html\">SCH R9PFC610<\/a><\/strong><\/td><td class=\"has-text-align-center\" data-align=\"center\"><strong><a href=\"https:\/\/www.la-maison-electrique.com\/disjoncteurs-schneider\/63815-resi9-xe-disjoncteur-modulaire-1pn-10a-courbe-c-embrochable-3606481160393.html\">SCH R9EFC610<\/a><\/strong><\/td><\/tr><tr><td class=\"has-text-align-center\" data-align=\"center\">16A<\/td><td class=\"has-text-align-center\" data-align=\"center\"><a href=\"https:\/\/www.la-maison-electrique.com\/disjoncteurs-schneider\/68234-resi9-xp-disjoncteur-modulaire-1pn-16a-courbe-c-peignable-r9pfc616-3606481160522.html\"><strong>SCH R9PFC616<\/strong><\/a><\/td><td class=\"has-text-align-center\" data-align=\"center\"><strong><a href=\"https:\/\/www.la-maison-electrique.com\/disjoncteurs-schneider\/63816-resi9-xe-disjoncteur-modulaire-1pn-16a-courbe-c-embrochable-3606481160409.html\">SCH R9EFC616<\/a><\/strong><\/td><\/tr><tr><td class=\"has-text-align-center\" data-align=\"center\">20A<\/td><td class=\"has-text-align-center\" data-align=\"center\"><a href=\"https:\/\/www.la-maison-electrique.com\/disjoncteurs-schneider\/68235-resi9-xp-disjoncteur-modulaire-1pn-20a-courbe-c-peignable-r9pfc620-3606481160539.html\"><strong>SCH R9PFC620<\/strong><\/a><\/td><td class=\"has-text-align-center\" data-align=\"center\"><strong><a href=\"https:\/\/www.la-maison-electrique.com\/disjoncteurs-schneider\/63817-resi9-xe-disjoncteur-modulaire-1pn-20a-courbe-c-embrochable-3606481160416.html\">SCH R9EFC620<\/a><\/strong><\/td><\/tr><tr><td class=\"has-text-align-center\" data-align=\"center\">32A<\/td><td class=\"has-text-align-center\" data-align=\"center\"><strong><a href=\"https:\/\/www.la-maison-electrique.com\/disjoncteurs-schneider\/68237-resi9-xp-disjoncteur-modulaire-1pn-32a-courbe-c-peignable-r9pfc632-3606481160553.html\">SCH R9PFC632<\/a><\/strong><\/td><td class=\"has-text-align-center\" data-align=\"center\"><strong><a href=\"https:\/\/www.la-maison-electrique.com\/disjoncteurs-schneider\/63818-resi9-xe-disjoncteur-modulaire-1pn-32a-courbe-c-embrochable-3606481160430.html\">SCH R9EFC632<\/a><\/strong><\/td><\/tr><\/tbody><\/table><\/figure>\n\n\n\n<blockquote class=\"wp-block-quote is-layout-flow wp-block-quote-is-layout-flow\">\n<p><strong>Attention <\/strong>: La gamme Resi9 XP utilise des protections peignables et des connexions \u00e0 vis. <br>La gamme Resi9 XE combine des protections embrochables et des connexions automatiques par bornes \u00e0 ressorts. <\/p>\n\n\n\n<p><strong>Les deux gammes ne sont pas compatibles sur une m\u00eame rang\u00e9e.<\/strong><\/p>\n<\/blockquote>\n\n\n\n<hr class=\"wp-block-separator has-alpha-channel-opacity\"\/>\n\n\n\n<h2 class=\"wp-block-heading\">1. Choisir le bon calibre<\/h2>\n\n\n\n<p>Le <strong>calibre<\/strong> correspond \u00e0 l\u2019intensit\u00e9 maximale que le disjoncteur peut supporter avant de couper le courant.<\/p>\n\n\n\n<p>\ud83d\udc49 Il doit toujours \u00eatre adapt\u00e9 :<\/p>\n\n\n\n<ul class=\"wp-block-list\">\n<li>au type de circuit<\/li>\n\n\n\n<li>\u00e0 la puissance des appareils<\/li>\n\n\n\n<li>et surtout \u00e0 la section du c\u00e2ble<\/li>\n<\/ul>\n\n\n\n<h3 class=\"wp-block-heading\">Usages les plus courants<\/h3>\n\n\n\n<figure class=\"wp-block-table\"><table class=\"has-fixed-layout\"><thead><tr><th>Calibre<\/th><th>Usage recommand\u00e9<\/th><\/tr><\/thead><tbody><tr><td>10 \u00e0 16 A<\/td><td>\u00c9clairage<\/td><\/tr><tr><td>16 A<\/td><td>Prises de courant (maximum 8)<\/td><\/tr><tr><td>20 A<\/td><td>Circuits sp\u00e9cialis\u00e9s<\/td><\/tr><tr><td>32 A<\/td><td>Plaques de cuisson<\/td><\/tr><\/tbody><\/table><\/figure>\n\n\n\n<hr class=\"wp-block-separator has-alpha-channel-opacity\"\/>\n\n\n\n<h2 class=\"wp-block-heading\">2. Choisir la bonne courbe<\/h2>\n\n\n\n<p>La courbe d\u00e9finit la sensibilit\u00e9 du disjoncteur aux appels de courant.<\/p>\n\n\n\n<ul class=\"wp-block-list\">\n<li><strong>Courbe B<\/strong> : circuits sensibles (\u00e9clairage, longues lignes)<\/li>\n\n\n\n<li><strong>Courbe C<\/strong> : usage standard en habitation<\/li>\n\n\n\n<li><strong>Courbe D<\/strong> : appareils avec fort courant de d\u00e9marrage (moteurs)<\/li>\n<\/ul>\n\n\n\n<p>\ud83d\udc49 Pour plus d&rsquo;informations sur ce sujet : <strong><a href=\"https:\/\/www.la-maison-electrique.com\/blog\/2025\/10\/28\/disjoncteurs-courbe-b-c-d\/?preview_id=610&amp;preview_nonce=0057a3e50f&amp;preview=true\">Disjoncteurs et courbes B, C ou D \u2014 quelles diff\u00e9rences ?<\/a><\/strong><\/p>\n\n\n\n<hr class=\"wp-block-separator has-alpha-channel-opacity\"\/>\n\n\n\n<h2 class=\"wp-block-heading\">3. Choisir le bon type de disjoncteur<\/h2>\n\n\n\n<ul class=\"wp-block-list\">\n<li><strong>1P+N<\/strong> : standard en logement monophas\u00e9<\/li>\n\n\n\n<li><strong>2P<\/strong> : coupe phase + neutre (cas sp\u00e9cifiques)<\/li>\n\n\n\n<li><strong>3P \/ 4P<\/strong> : installations triphas\u00e9es<\/li>\n<\/ul>\n\n\n\n<p>\ud83d\udc49 Dans la majorit\u00e9 des logements, un disjoncteur <strong>1P+N suffit<\/strong>.<\/p>\n\n\n\n<hr class=\"wp-block-separator has-alpha-channel-opacity is-style-wide\" id=\"3\"\/>\n\n\n\n<h2 class=\"wp-block-heading\">Accessoires de tableau : peignes, prises modulaires et blocs combin\u00e9s<\/h2>\n\n\n\n<p>En compl\u00e9ment des disjoncteurs et interrupteurs diff\u00e9rentiels, certains accessoires permettent d\u2019optimiser l\u2019installation d\u2019un tableau \u00e9lectrique, \u00e0 la fois en termes de <strong>s\u00e9curit\u00e9, de gain de place et de facilit\u00e9 de c\u00e2blage<\/strong>.<\/p>\n\n\n\n<p>Deux types d&rsquo;accessoires assurent la distribution du courant au sein du tableau :<\/p>\n\n\n\n<h3 class=\"wp-block-heading\">Les r\u00e9partiteurs (ou peignes horizontaux) :<\/h3>\n\n\n\n<p>Ils alimentent les disjoncteurs d&rsquo;une m\u00eame rang\u00e9e \u00e0 partir de l&rsquo;interrupteur diff\u00e9rentiel. Ils remplacent les pontages manuels entre modules et garantissent un c\u00e2blage plus rapide, une meilleure fiabilit\u00e9 des connexions et un gain de temps \u00e0 l&rsquo;installation. <\/p>\n\n\n\n<p>Dans la gamme Resi9 XP, on parle de peigne Bar&rsquo;Clic ; dans la gamme XE, il s&rsquo;agit du r\u00e9partiteur Distri&rsquo;clic sur lequel les disjoncteurs viennent directement s&#8217;embrocher. <\/p>\n\n\n\n<p>Pour la gamme Resi9 XP, on utilise les peignes, ils s&rsquo;ins\u00e8rent directement dans les bornes des disjoncteurs. En revanche pour la gamme Resi9 XE, on utilise des r\u00e9partiteurs qui se fixent sur le rail et sur lequel les disjoncteurs viennent se fixer. <\/p>\n\n\n\n<div class=\"wp-block-columns is-layout-flex wp-container-core-columns-is-layout-9d6595d7 wp-block-columns-is-layout-flex\">\n<div class=\"wp-block-column is-vertically-aligned-center is-layout-flow wp-block-column-is-layout-flow\" style=\"flex-basis:66.66%\">\n<figure class=\"wp-block-image size-full\"><img loading=\"lazy\" decoding=\"async\" width=\"759\" height=\"283\" src=\"https:\/\/www.la-maison-electrique.com\/blog\/wp-content\/uploads\/2026\/04\/repartiteur-en-pratique.png\" alt=\"schneider resi9 installation\" class=\"wp-image-2028\" srcset=\"https:\/\/www.la-maison-electrique.com\/blog\/wp-content\/uploads\/2026\/04\/repartiteur-en-pratique.png 759w, https:\/\/www.la-maison-electrique.com\/blog\/wp-content\/uploads\/2026\/04\/repartiteur-en-pratique-300x112.png 300w\" sizes=\"auto, (max-width: 759px) 100vw, 759px\" \/><\/figure>\n<\/div>\n\n\n\n<div class=\"wp-block-column is-vertically-aligned-center is-layout-flow wp-block-column-is-layout-flow\" style=\"flex-basis:33.33%\">\n<figure class=\"wp-block-image size-full is-resized\"><img loading=\"lazy\" decoding=\"async\" width=\"341\" height=\"517\" src=\"https:\/\/www.la-maison-electrique.com\/blog\/wp-content\/uploads\/2026\/04\/repartiteur-en-pratique-2.png\" alt=\"\" class=\"wp-image-2029\" style=\"aspect-ratio:0.6595971518866847;width:135px;height:auto\" srcset=\"https:\/\/www.la-maison-electrique.com\/blog\/wp-content\/uploads\/2026\/04\/repartiteur-en-pratique-2.png 341w, https:\/\/www.la-maison-electrique.com\/blog\/wp-content\/uploads\/2026\/04\/repartiteur-en-pratique-2-198x300.png 198w\" sizes=\"auto, (max-width: 341px) 100vw, 341px\" \/><\/figure>\n<\/div>\n<\/div>\n\n\n\n<h3 class=\"wp-block-heading\"><strong>Les peignes verticaux<\/strong><\/h3>\n\n\n\n<p>Ils assurent quant \u00e0 eux la liaison entre les interrupteurs diff\u00e9rentiels de rang\u00e9es diff\u00e9rentes, permettant ainsi de distribuer l&rsquo;alimentation sur l&rsquo;ensemble du tableau sans c\u00e2blage suppl\u00e9mentaire. <\/p>\n\n\n\n<div class=\"wp-block-columns is-layout-flex wp-container-core-columns-is-layout-9d6595d7 wp-block-columns-is-layout-flex\">\n<div class=\"wp-block-column is-layout-flow wp-block-column-is-layout-flow\" style=\"flex-basis:66.66%\">\n<figure class=\"wp-block-image size-full\"><img loading=\"lazy\" decoding=\"async\" width=\"570\" height=\"524\" src=\"https:\/\/www.la-maison-electrique.com\/blog\/wp-content\/uploads\/2026\/04\/peigne-vertical-en-pratique-2.png\" alt=\"schneider resi9 installation\" class=\"wp-image-2034\" srcset=\"https:\/\/www.la-maison-electrique.com\/blog\/wp-content\/uploads\/2026\/04\/peigne-vertical-en-pratique-2.png 570w, https:\/\/www.la-maison-electrique.com\/blog\/wp-content\/uploads\/2026\/04\/peigne-vertical-en-pratique-2-300x276.png 300w\" sizes=\"auto, (max-width: 570px) 100vw, 570px\" \/><\/figure>\n<\/div>\n\n\n\n<div class=\"wp-block-column is-layout-flow wp-block-column-is-layout-flow\" style=\"flex-basis:33.33%\">\n<figure class=\"wp-block-image size-full is-resized\"><img loading=\"lazy\" decoding=\"async\" width=\"241\" height=\"506\" src=\"https:\/\/www.la-maison-electrique.com\/blog\/wp-content\/uploads\/2026\/04\/peigne-vertical-en-pratique-2-1.png\" alt=\"schneider resi9 diff\u00e9rentiel\" class=\"wp-image-2035\" style=\"width:237px;height:auto\" srcset=\"https:\/\/www.la-maison-electrique.com\/blog\/wp-content\/uploads\/2026\/04\/peigne-vertical-en-pratique-2-1.png 241w, https:\/\/www.la-maison-electrique.com\/blog\/wp-content\/uploads\/2026\/04\/peigne-vertical-en-pratique-2-1-143x300.png 143w\" sizes=\"auto, (max-width: 241px) 100vw, 241px\" \/><\/figure>\n<\/div>\n<\/div>\n\n\n\n<p>Les peignes verticaux XP et XE ne sont pas interchangeables. Chaque r\u00e9f\u00e9rence est sp\u00e9cifique \u00e0 sa gamme : <\/p>\n\n\n\n<figure class=\"wp-block-table\"><table class=\"has-fixed-layout\"><tbody><tr><td>Resi9 XE<\/td><td><strong><a href=\"https:\/\/www.la-maison-electrique.com\/accessoires-de-raccordement\/63835-resi9-xe-peigne-vertical-pour-interrupteur-differentiel-xe-25-a-63a-3606481213747.html\">SCH R9EXV<\/a><\/strong><\/td><\/tr><tr><td>Resi9 XP<\/td><td><strong><a href=\"https:\/\/www.la-maison-electrique.com\/accessoires-pour-coffrets\/68329-resi9-xp-peigne-vertical-pour-interrupteur-differentiel-xp-2p-25-a-63a-r9pxv-3606481213754.html\">SCH R9PXV<\/a><\/strong><\/td><\/tr><\/tbody><\/table><\/figure>\n\n\n\n<p><\/p>\n\n\n\n<hr class=\"wp-block-separator has-alpha-channel-opacity\"\/>\n\n\n\n<h3 class=\"wp-block-heading\">Prises modulaires : une alimentation int\u00e9gr\u00e9e au tableau<\/h3>\n\n\n\n<p>Les <strong>prises modulaires<\/strong> s\u2019installent directement sur le rail DIN du tableau \u00e9lectrique.<\/p>\n\n\n\n<div class=\"wp-block-columns is-layout-flex wp-container-core-columns-is-layout-9d6595d7 wp-block-columns-is-layout-flex\">\n<div class=\"wp-block-column is-layout-flow wp-block-column-is-layout-flow\" style=\"flex-basis:33.33%\">\n<figure class=\"wp-block-image size-full\"><a href=\"https:\/\/www.la-maison-electrique.com\/accessoires-coffrets-schneider\/63828-resi9-xp-prise-de-courant-2pt-250v-16a-3606481166401.html\"><img loading=\"lazy\" decoding=\"async\" width=\"800\" height=\"800\" src=\"https:\/\/www.la-maison-electrique.com\/blog\/wp-content\/uploads\/2026\/04\/resi9-xp-prise-de-courant-2pt-250v-16a.jpg\" alt=\"\" class=\"wp-image-2038\" srcset=\"https:\/\/www.la-maison-electrique.com\/blog\/wp-content\/uploads\/2026\/04\/resi9-xp-prise-de-courant-2pt-250v-16a.jpg 800w, https:\/\/www.la-maison-electrique.com\/blog\/wp-content\/uploads\/2026\/04\/resi9-xp-prise-de-courant-2pt-250v-16a-300x300.jpg 300w, https:\/\/www.la-maison-electrique.com\/blog\/wp-content\/uploads\/2026\/04\/resi9-xp-prise-de-courant-2pt-250v-16a-150x150.jpg 150w, https:\/\/www.la-maison-electrique.com\/blog\/wp-content\/uploads\/2026\/04\/resi9-xp-prise-de-courant-2pt-250v-16a-768x768.jpg 768w, https:\/\/www.la-maison-electrique.com\/blog\/wp-content\/uploads\/2026\/04\/resi9-xp-prise-de-courant-2pt-250v-16a-600x600.jpg 600w\" sizes=\"auto, (max-width: 800px) 100vw, 800px\" \/><\/a><\/figure>\n<\/div>\n\n\n\n<div class=\"wp-block-column is-vertically-aligned-center is-layout-flow wp-block-column-is-layout-flow\" style=\"flex-basis:66.66%\">\n<p>Elles sont utiles pour :<\/p>\n\n\n\n<ul class=\"wp-block-list\">\n<li>alimenter un \u00e9quipement en local technique (VMC, box, pompe\u2026)<\/li>\n\n\n\n<li>brancher un appareil de maintenance<\/li>\n<\/ul>\n<\/div>\n<\/div>\n\n\n\n<p>\ud83d\udc49 Elles doivent toujours \u00eatre prot\u00e9g\u00e9es en amont par un disjoncteur adapt\u00e9 (g\u00e9n\u00e9ralement 16 A).<\/p>\n\n\n\n<hr class=\"wp-block-separator has-alpha-channel-opacity\"\/>\n\n\n\n<h3 class=\"wp-block-heading\">Blocs combin\u00e9s : une solution compacte et pratique<\/h3>\n\n\n\n<p>Les <strong>blocs combin\u00e9s<\/strong> associent un disjoncteur et une ou plusieurs prises dans un seul module.<\/p>\n\n\n\n<div class=\"wp-block-columns is-layout-flex wp-container-core-columns-is-layout-9d6595d7 wp-block-columns-is-layout-flex\">\n<div class=\"wp-block-column is-layout-flow wp-block-column-is-layout-flow\" style=\"flex-basis:33.33%\">\n<figure class=\"wp-block-image size-full\"><a href=\"https:\/\/www.la-maison-electrique.com\/accessoires-coffrets-schneider\/63822-resi9-xe-combine-disj2-prises-courant-1pn-16a-courbe-c-embrochable-3606481166333.html\"><img loading=\"lazy\" decoding=\"async\" width=\"800\" height=\"800\" src=\"https:\/\/www.la-maison-electrique.com\/blog\/wp-content\/uploads\/2026\/04\/resi9-xe-combine-disj2-prises-courant-1pn-16a-courbe-c-embrochable.jpg\" alt=\"\" class=\"wp-image-2041\" srcset=\"https:\/\/www.la-maison-electrique.com\/blog\/wp-content\/uploads\/2026\/04\/resi9-xe-combine-disj2-prises-courant-1pn-16a-courbe-c-embrochable.jpg 800w, https:\/\/www.la-maison-electrique.com\/blog\/wp-content\/uploads\/2026\/04\/resi9-xe-combine-disj2-prises-courant-1pn-16a-courbe-c-embrochable-300x300.jpg 300w, https:\/\/www.la-maison-electrique.com\/blog\/wp-content\/uploads\/2026\/04\/resi9-xe-combine-disj2-prises-courant-1pn-16a-courbe-c-embrochable-150x150.jpg 150w, https:\/\/www.la-maison-electrique.com\/blog\/wp-content\/uploads\/2026\/04\/resi9-xe-combine-disj2-prises-courant-1pn-16a-courbe-c-embrochable-768x768.jpg 768w, https:\/\/www.la-maison-electrique.com\/blog\/wp-content\/uploads\/2026\/04\/resi9-xe-combine-disj2-prises-courant-1pn-16a-courbe-c-embrochable-600x600.jpg 600w\" sizes=\"auto, (max-width: 800px) 100vw, 800px\" \/><\/a><\/figure>\n<\/div>\n\n\n\n<div class=\"wp-block-column is-vertically-aligned-center is-layout-flow wp-block-column-is-layout-flow\" style=\"flex-basis:66.66%\">\n<p>Ils offrent :<\/p>\n\n\n\n<ul class=\"wp-block-list\">\n<li>un <strong>gain de place dans le tableau<\/strong><\/li>\n\n\n\n<li>une <strong>installation simplifi\u00e9e<\/strong><\/li>\n\n\n\n<li>une <strong>protection directe des prises int\u00e9gr\u00e9es<\/strong><\/li>\n<\/ul>\n<\/div>\n<\/div>\n\n\n\n<p>\ud83d\udc49 Ils sont particuli\u00e8rement utiles en r\u00e9novation ou dans les tableaux compacts.<\/p>\n\n\n\n<hr class=\"wp-block-separator has-alpha-channel-opacity\"\/>\n\n\n\n<h2 class=\"wp-block-heading\" id=\"4\">Comment organiser un tableau \u00e9lectrique conforme (NF C 15-100)<\/h2>\n\n\n\n<p>Dans une installation r\u00e9sidentielle, le tableau suit toujours une logique hi\u00e9rarchique simple. En t\u00eate de chaque rang\u00e9e se trouvent les <strong>interrupteurs diff\u00e9rentiels 30 mA<\/strong>, qui assurent la protection des personnes. Sous chacun d\u2019eux sont raccord\u00e9s plusieurs <strong>disjoncteurs divisionnaires<\/strong>, charg\u00e9s de prot\u00e9ger individuellement les circuits (\u00e9clairage, prises, appareils \u00e9lectrom\u00e9nagers, etc.).<\/p>\n\n\n\n<p>Cette organisation permet de segmenter l\u2019installation : un d\u00e9faut sur un circuit n\u2019entra\u00eene pas la coupure de toute l\u2019habitation, mais uniquement de la zone concern\u00e9e.<\/p>\n\n\n\n<hr class=\"wp-block-separator has-alpha-channel-opacity\"\/>\n\n\n\n<h3 class=\"wp-block-heading\">Une r\u00e9partition des circuits, pens\u00e9e pour la continuit\u00e9 de service<\/h3>\n\n\n\n<p>La norme NF C 15-100 n&rsquo;impose pas un interrupteur diff\u00e9rentiel par circuit, mais elle exige qu&rsquo;un m\u00eame diff\u00e9rentiel ne regroupe pas plus de 8 circuits. L&rsquo;objectif est simple : si un diff\u00e9rentiel d\u00e9clenche, une partie seulement du logement est impact\u00e9e, et on conserve lumi\u00e8re et prises ailleurs dans la maison.<\/p>\n\n\n\n<p>En pratique, la r\u00e9partition se fait rarement par usage (tous les \u00e9clairages ensemble, toutes les prises ensemble&#8230;), car le nombre de circuits rendrait cela peu coh\u00e9rent. <\/p>\n\n\n\n<p>On pr\u00e9f\u00e8re g\u00e9n\u00e9ralement une r\u00e9partition <strong>par zone g\u00e9ographique<\/strong> du logement, ce qui est bien plus logique et lisible :<\/p>\n\n\n\n<ul class=\"wp-block-list\">\n<li><strong>Diff\u00e9rentiel 1<\/strong> \u2192 circuits du rez-de-chauss\u00e9e (prises salon, \u00e9clairage salon, prises cuisine, \u00e9clairage cuisine&#8230;)<\/li>\n\n\n\n<li><strong>Diff\u00e9rentiel 2<\/strong> \u2192 circuits de l&rsquo;\u00e9tage (prises et \u00e9clairage des chambres, salle de bain&#8230;)<\/li>\n\n\n\n<li><strong>Diff\u00e9rentiel 3<\/strong> \u2192 circuits sp\u00e9cialis\u00e9s (four, lave-linge, chauffe-eau, VMC, borne de recharge&#8230;)<\/li>\n<\/ul>\n\n\n\n<p>Une r\u00e9partition qui suit cet exemple a un objectif tr\u00e8s concret : en cas de d\u00e9faut \u00e9lectrique, seule une partie de l\u2019installation est coup\u00e9e. On \u00e9vite ainsi de se retrouver totalement dans le noir ou sans alimentation dans toute la maison.<\/p>\n\n\n\n<hr class=\"wp-block-separator has-alpha-channel-opacity\"\/>\n\n\n\n<h3 class=\"wp-block-heading\">Dimensionnement du tableau : un point souvent sous-estim\u00e9<\/h3>\n\n\n\n<p>Le nombre de rang\u00e9es d\u00e9pend directement de la taille de l&rsquo;installation et du nombre de circuits \u00e0 prot\u00e9ger. \u00c0 titre indicatif :<\/p>\n\n\n\n<ul class=\"wp-block-list\">\n<li><strong>Studio \/ T1<\/strong> (moins de 35 m\u00b2) : 1 \u00e0 2 rang\u00e9es<\/li>\n\n\n\n<li><strong>T2 \/ T3<\/strong> (35 \u00e0 100 m\u00b2) : 2 \u00e0 3 rang\u00e9es<\/li>\n\n\n\n<li><strong>T4 et plus<\/strong> (plus de 100 m\u00b2) : 3 \u00e0 4 rang\u00e9es minimum<\/li>\n<\/ul>\n\n\n\n<blockquote class=\"wp-block-quote is-layout-flow wp-block-quote-is-layout-flow\">\n<p>Il faut \u00e9galement prendre en compte que la norme NF C 15-100 impose une r\u00e9serve minimale de 20 % d&#8217;emplacements libres dans un logement individuel et 6 modules libres pour les logements collectifs.<\/p>\n<\/blockquote>\n\n\n\n<p>Cette r\u00e9serve n&rsquo;est pas anodine : elle permet d&rsquo;int\u00e9grer des circuits suppl\u00e9mentaires tels qu&rsquo;une borne de recharge pour v\u00e9hicule \u00e9lectrique, une climatisation, un r\u00e9seau domotique ou des prises ext\u00e9rieures, sans avoir \u00e0 tout revoir.<\/p>\n\n\n\n<p>En pratique, il vaut mieux pr\u00e9voir un tableau <strong>l\u00e9g\u00e8rement surdimensionn\u00e9<\/strong> d\u00e8s le d\u00e9part. <br>Un tableau rempli \u00e0 100 % d\u00e8s l&rsquo;installation est une erreur courante : il oblige \u00e0 tout modifier d\u00e8s qu&rsquo;un nouveau besoin appara\u00eet, l\u00e0 o\u00f9 quelques modules libres auraient suffi.<\/p>\n\n\n\n<p>Il est \u00e9galement recommand\u00e9 de bien r\u00e9partir cette r\u00e9serve en extr\u00e9mit\u00e9 des rang\u00e9es du tableau, plut\u00f4t que de la concentrer sur une seule rang\u00e9e, pour garder de la souplesse sur l&rsquo;ensemble du tableau.<\/p>\n\n\n<style type=\"text\/css\"><\/style><section id='' \n                class='helpie-faq accordions dark faq-toggle custom-styles open-first groupSettings-104__enabled' \n                data-collection='' \n                data-pagination='0' \n                data-search='0' \n                data-pagination-enabled='0'\n                role='region'\n                aria-label='FAQ Section'\n                aria-live='polite'><h3 class=\"collection-title\">Schneider Resi9 - FAQ<\/h3><form class=\"search\" onSubmit=\"return false;\"><div class=\"search__wrapper\"><input type=\"text\" class=\"search__input\" aria-label=\"Search\" placeholder=\"Rechercher dans la FAQ\"><span class=\"search__icon\"><svg class=\"svg-icon--search\" role=\"img\" xmlns=\"http:\/\/www.w3.org\/2000\/svg\" viewBox=\"0 0 22 22\">\r\n                        <g fill=\"none\" stroke=\"#fcfcfc\">\r\n                            <path stroke-linecap=\"square\" stroke-width=\"2\" d=\"M18.5 18.3l-5.4-5.4\"\/>\r\n                            <circle cx=\"8\" cy=\"8\" r=\"7\" stroke-width=\"2\"\/>\r\n                        <\/g>\r\n                    <\/svg><\/span><\/div><div class=\"search__message\"><\/div><\/form><article class=\"accordion \"><div class='helpie-faq-row'><div class='helpie-faq-col helpie-faq-col-12' ><ul><li class=\"accordion__item \"><div class=\"accordion__header \" \r\n                id=\"accordion-header-post-2049\"\r\n                role=\"button\"\r\n                aria-expanded=\"false\"\r\n                aria-controls=\"accordion-content-post-2049\"\r\n                data-id=\"post-2049\" \r\n                data-item=\"hfaq-post-2049\" \r\n                style=\"background:#0d5669;\" \r\n                data-tags=\"\"\r\n                tabindex=\"0\"><div class=\"accordion__title\">Quelle est la diff\u00e9rence entre un disjoncteur et un interrupteur diff\u00e9rentiel ?<\/div><\/div><div id=\"accordion-content-post-2049\" \r\n                class=\"accordion__body\" \r\n                role=\"region\"\r\n                aria-labelledby=\"accordion-header-post-2049\"\r\n                style=\"background:#0d5669;\"><p>Le disjoncteur prot\u00e8ge le c\u00e2blage contre les surcharges et les courts-circuits. L&rsquo;interrupteur diff\u00e9rentiel prot\u00e8ge les personnes en d\u00e9tectant les fuites de courant. Les deux sont compl\u00e9mentaires et obligatoires dans un tableau conforme NF C 15-100.<\/p>\n<\/div><\/li><li class=\"accordion__item \"><div class=\"accordion__header \" \r\n                id=\"accordion-header-post-2050\"\r\n                role=\"button\"\r\n                aria-expanded=\"false\"\r\n                aria-controls=\"accordion-content-post-2050\"\r\n                data-id=\"post-2050\" \r\n                data-item=\"hfaq-post-2050\" \r\n                style=\"background:#0d5669;\" \r\n                data-tags=\"\"\r\n                tabindex=\"0\"><div class=\"accordion__title\">Comment choisir entre la gamme Resi9 XP et Resi9 XE ?<\/div><\/div><div id=\"accordion-content-post-2050\" \r\n                class=\"accordion__body\" \r\n                role=\"region\"\r\n                aria-labelledby=\"accordion-header-post-2050\"\r\n                style=\"background:#0d5669;\"><p>La gamme XE est recommand\u00e9e pour les installations neuves gr\u00e2ce \u00e0 son syst\u00e8me embrochable rapide. La gamme XP est plus adapt\u00e9e \u00e0 la r\u00e9novation pour sa compatibilit\u00e9 universelle. Les deux gammes ne peuvent pas \u00eatre m\u00e9lang\u00e9es sur une m\u00eame rang\u00e9e.<\/p>\n<\/div><\/li><li class=\"accordion__item \"><div class=\"accordion__header \" \r\n                id=\"accordion-header-post-2051\"\r\n                role=\"button\"\r\n                aria-expanded=\"false\"\r\n                aria-controls=\"accordion-content-post-2051\"\r\n                data-id=\"post-2051\" \r\n                data-item=\"hfaq-post-2051\" \r\n                style=\"background:#0d5669;\" \r\n                data-tags=\"\"\r\n                tabindex=\"0\"><div class=\"accordion__title\">Combien de disjoncteurs peut-on raccorder sous un m\u00eame interrupteur diff\u00e9rentiel ?<\/div><\/div><div id=\"accordion-content-post-2051\" \r\n                class=\"accordion__body\" \r\n                role=\"region\"\r\n                aria-labelledby=\"accordion-header-post-2051\"\r\n                style=\"background:#0d5669;\"><p>La norme NF C 15-100 limite \u00e0 8 circuits maximum par interrupteur diff\u00e9rentiel. Au-del\u00e0, il faut pr\u00e9voir un diff\u00e9rentiel suppl\u00e9mentaire. Cette r\u00e8gle garantit qu&rsquo;en cas de d\u00e9clenchement, seule une partie de l&rsquo;installation est coup\u00e9e et non l&rsquo;ensemble du logement.<\/p>\n<\/div><\/li><li class=\"accordion__item \"><div class=\"accordion__header \" \r\n                id=\"accordion-header-post-2052\"\r\n                role=\"button\"\r\n                aria-expanded=\"false\"\r\n                aria-controls=\"accordion-content-post-2052\"\r\n                data-id=\"post-2052\" \r\n                data-item=\"hfaq-post-2052\" \r\n                style=\"background:#0d5669;\" \r\n                data-tags=\"\"\r\n                tabindex=\"0\"><div class=\"accordion__title\">Faut-il obligatoirement laisser des emplacements libres dans le tableau ?<\/div><\/div><div id=\"accordion-content-post-2052\" \r\n                class=\"accordion__body\" \r\n                role=\"region\"\r\n                aria-labelledby=\"accordion-header-post-2052\"\r\n                style=\"background:#0d5669;\"><p>Oui, c&rsquo;est une obligation normative. La norme NF C 15-100 impose une r\u00e9serve minimale de 20 % d&#8217;emplacements libres dans un logement individuel, et au moins 6 modules libres dans un logement collectif. Cette r\u00e9serve anticipe les \u00e9volutions futures de l&rsquo;installation : ajout d&rsquo;une borne de recharge, d&rsquo;une climatisation, d&rsquo;\u00e9quipements domotiques, etc. Il est conseill\u00e9 de r\u00e9partir cette r\u00e9serve en extr\u00e9mit\u00e9 de chaque rang\u00e9e plut\u00f4t que de la concentrer au m\u00eame endroit.<\/p>\n<\/div><\/li><li class=\"accordion__item \"><div class=\"accordion__header \" \r\n                id=\"accordion-header-post-2053\"\r\n                role=\"button\"\r\n                aria-expanded=\"false\"\r\n                aria-controls=\"accordion-content-post-2053\"\r\n                data-id=\"post-2053\" \r\n                data-item=\"hfaq-post-2053\" \r\n                style=\"background:#0d5669;\" \r\n                data-tags=\"\"\r\n                tabindex=\"0\"><div class=\"accordion__title\">Quelle est la diff\u00e9rence entre un diff\u00e9rentiel de type A et de type AC ?<\/div><\/div><div id=\"accordion-content-post-2053\" \r\n                class=\"accordion__body\" \r\n                role=\"region\"\r\n                aria-labelledby=\"accordion-header-post-2053\"\r\n                style=\"background:#0d5669;\"><p>Le type AC convient aux circuits classiques (\u00e9clairage, prises standards). Le type A est obligatoire pour les appareils \u00e9lectroniques : lave-linge, plaques \u00e0 induction, borne de recharge. Avec la g\u00e9n\u00e9ralisation de ces \u00e9quipements, le type A tend \u00e0 devenir la r\u00e9f\u00e9rence par d\u00e9faut.<\/p>\n<\/div><\/li><\/ul><\/div><\/div><\/article><\/section>\n\n\n\n<p><\/p>\n","protected":false},"excerpt":{"rendered":"<p>Les disjoncteurs Schneider, notamment la gamme Resi9, sont con\u00e7us pour prot\u00e9ger une installation \u00e9lectrique contre les surcharges et les courts-circuits. En r\u00e9sidentiel, ils s\u2019int\u00e8grent dans un tableau conforme \u00e0 la norme NF C 15-100, en association avec des interrupteurs diff\u00e9rentiels 30 mA. Les disjoncteurs Schneider sont largement utilis\u00e9s en France pour leur fiabilit\u00e9, leur compatibilit\u00e9 [&hellip;]<\/p>\n","protected":false},"author":4,"featured_media":0,"comment_status":"closed","ping_status":"open","sticky":false,"template":"","format":"standard","meta":{"footnotes":""},"categories":[5],"tags":[101,92,103,102],"class_list":["post-2001","post","type-post","status-publish","format-standard","hentry","category-tableaux-electriques","tag-resi9","tag-schneider","tag-xe","tag-xp","entry"],"yoast_head":"<!-- This site is optimized with the Yoast SEO plugin v23.9 - https:\/\/yoast.com\/wordpress\/plugins\/seo\/ -->\n<title>Schneider Resi9 : l&#039;\u00e9cosyst\u00e8me pour un tableau \u00e9lectrique s\u00e9curis\u00e9 - Blog LME<\/title>\n<meta name=\"description\" content=\"Schneider Resi9 : disjoncteurs et accessoires ; d\u00e9couvrez les \u00e9l\u00e9ments \u00e0 ajouter pour un \u00e9cosyst\u00e8me complet Schneider !\" \/>\n<meta name=\"robots\" content=\"index, follow, max-snippet:-1, max-image-preview:large, max-video-preview:-1\" \/>\n<link rel=\"canonical\" href=\"https:\/\/www.la-maison-electrique.com\/blog\/2026\/04\/23\/schneider-resi9-accessoires\/\" \/>\n<meta property=\"og:locale\" content=\"fr_FR\" \/>\n<meta property=\"og:type\" content=\"article\" \/>\n<meta property=\"og:title\" content=\"Schneider Resi9 : l&#039;\u00e9cosyst\u00e8me pour un tableau \u00e9lectrique s\u00e9curis\u00e9 - Blog LME\" \/>\n<meta property=\"og:description\" content=\"Schneider Resi9 : disjoncteurs et accessoires ; d\u00e9couvrez les \u00e9l\u00e9ments \u00e0 ajouter pour un \u00e9cosyst\u00e8me complet Schneider !\" \/>\n<meta property=\"og:url\" content=\"https:\/\/www.la-maison-electrique.com\/blog\/2026\/04\/23\/schneider-resi9-accessoires\/\" \/>\n<meta property=\"og:site_name\" content=\"Blog LME\" \/>\n<meta property=\"article:published_time\" content=\"2026-04-23T13:00:00+00:00\" \/>\n<meta property=\"article:modified_time\" content=\"2026-04-28T09:27:40+00:00\" \/>\n<meta property=\"og:image\" content=\"https:\/\/www.la-maison-electrique.com\/blog\/wp-content\/uploads\/2026\/04\/schema-tableau.jpg\" \/>\n\t<meta property=\"og:image:width\" content=\"1175\" \/>\n\t<meta property=\"og:image:height\" content=\"940\" \/>\n\t<meta property=\"og:image:type\" content=\"image\/jpeg\" \/>\n<meta name=\"author\" content=\"Hugo Dauchez\" \/>\n<meta name=\"twitter:card\" content=\"summary_large_image\" \/>\n<meta name=\"twitter:label1\" content=\"\u00c9crit par\" \/>\n\t<meta name=\"twitter:data1\" content=\"Hugo Dauchez\" \/>\n\t<meta name=\"twitter:label2\" content=\"Dur\u00e9e de lecture estim\u00e9e\" \/>\n\t<meta name=\"twitter:data2\" content=\"10 minutes\" \/>\n<script type=\"application\/ld+json\" class=\"yoast-schema-graph\">{\"@context\":\"https:\/\/schema.org\",\"@graph\":[{\"@type\":\"Article\",\"@id\":\"https:\/\/www.la-maison-electrique.com\/blog\/2026\/04\/23\/schneider-resi9-accessoires\/#article\",\"isPartOf\":{\"@id\":\"https:\/\/www.la-maison-electrique.com\/blog\/2026\/04\/23\/schneider-resi9-accessoires\/\"},\"author\":{\"name\":\"Hugo Dauchez\",\"@id\":\"https:\/\/www.la-maison-electrique.com\/blog\/#\/schema\/person\/b86e3d5b896eabe1a3bccfeeb8525bcf\"},\"headline\":\"Schneider Resi9 : l&rsquo;\u00e9cosyst\u00e8me pour un tableau \u00e9lectrique s\u00e9curis\u00e9\",\"datePublished\":\"2026-04-23T13:00:00+00:00\",\"dateModified\":\"2026-04-28T09:27:40+00:00\",\"mainEntityOfPage\":{\"@id\":\"https:\/\/www.la-maison-electrique.com\/blog\/2026\/04\/23\/schneider-resi9-accessoires\/\"},\"wordCount\":1770,\"publisher\":{\"@id\":\"https:\/\/www.la-maison-electrique.com\/blog\/#organization\"},\"image\":{\"@id\":\"https:\/\/www.la-maison-electrique.com\/blog\/2026\/04\/23\/schneider-resi9-accessoires\/#primaryimage\"},\"thumbnailUrl\":\"https:\/\/www.la-maison-electrique.com\/blog\/wp-content\/uploads\/2026\/04\/schema-tableau-1024x819.jpg\",\"keywords\":[\"Resi9\",\"Schneider\",\"XE\",\"XP\"],\"articleSection\":[\"Tableaux \u00c9lectriques\"],\"inLanguage\":\"fr-FR\"},{\"@type\":\"WebPage\",\"@id\":\"https:\/\/www.la-maison-electrique.com\/blog\/2026\/04\/23\/schneider-resi9-accessoires\/\",\"url\":\"https:\/\/www.la-maison-electrique.com\/blog\/2026\/04\/23\/schneider-resi9-accessoires\/\",\"name\":\"Schneider Resi9 : l'\u00e9cosyst\u00e8me pour un tableau \u00e9lectrique s\u00e9curis\u00e9 - Blog LME\",\"isPartOf\":{\"@id\":\"https:\/\/www.la-maison-electrique.com\/blog\/#website\"},\"primaryImageOfPage\":{\"@id\":\"https:\/\/www.la-maison-electrique.com\/blog\/2026\/04\/23\/schneider-resi9-accessoires\/#primaryimage\"},\"image\":{\"@id\":\"https:\/\/www.la-maison-electrique.com\/blog\/2026\/04\/23\/schneider-resi9-accessoires\/#primaryimage\"},\"thumbnailUrl\":\"https:\/\/www.la-maison-electrique.com\/blog\/wp-content\/uploads\/2026\/04\/schema-tableau-1024x819.jpg\",\"datePublished\":\"2026-04-23T13:00:00+00:00\",\"dateModified\":\"2026-04-28T09:27:40+00:00\",\"description\":\"Schneider Resi9 : disjoncteurs et accessoires ; d\u00e9couvrez les \u00e9l\u00e9ments \u00e0 ajouter pour un \u00e9cosyst\u00e8me complet Schneider !\",\"breadcrumb\":{\"@id\":\"https:\/\/www.la-maison-electrique.com\/blog\/2026\/04\/23\/schneider-resi9-accessoires\/#breadcrumb\"},\"inLanguage\":\"fr-FR\",\"potentialAction\":[{\"@type\":\"ReadAction\",\"target\":[\"https:\/\/www.la-maison-electrique.com\/blog\/2026\/04\/23\/schneider-resi9-accessoires\/\"]}]},{\"@type\":\"ImageObject\",\"inLanguage\":\"fr-FR\",\"@id\":\"https:\/\/www.la-maison-electrique.com\/blog\/2026\/04\/23\/schneider-resi9-accessoires\/#primaryimage\",\"url\":\"https:\/\/www.la-maison-electrique.com\/blog\/wp-content\/uploads\/2026\/04\/schema-tableau.jpg\",\"contentUrl\":\"https:\/\/www.la-maison-electrique.com\/blog\/wp-content\/uploads\/2026\/04\/schema-tableau.jpg\",\"width\":1175,\"height\":940},{\"@type\":\"BreadcrumbList\",\"@id\":\"https:\/\/www.la-maison-electrique.com\/blog\/2026\/04\/23\/schneider-resi9-accessoires\/#breadcrumb\",\"itemListElement\":[{\"@type\":\"ListItem\",\"position\":1,\"name\":\"LME\",\"item\":\"https:\/\/www.la-maison-electrique.com\/blog\/\"},{\"@type\":\"ListItem\",\"position\":2,\"name\":\"Tableaux \u00c9lectriques\",\"item\":\"https:\/\/www.la-maison-electrique.com\/blog\/category\/tableaux-electriques\/\"},{\"@type\":\"ListItem\",\"position\":3,\"name\":\"Schneider Resi9 : l&rsquo;\u00e9cosyst\u00e8me pour un tableau \u00e9lectrique s\u00e9curis\u00e9\"}]},{\"@type\":\"WebSite\",\"@id\":\"https:\/\/www.la-maison-electrique.com\/blog\/#website\",\"url\":\"https:\/\/www.la-maison-electrique.com\/blog\/\",\"name\":\"Blog LME\",\"description\":\"Le mat\u00e9riel \u00e9lectrique de qualit\u00e9 professionnelle pour tous, \u00e0 prix grossiste\",\"publisher\":{\"@id\":\"https:\/\/www.la-maison-electrique.com\/blog\/#organization\"},\"potentialAction\":[{\"@type\":\"SearchAction\",\"target\":{\"@type\":\"EntryPoint\",\"urlTemplate\":\"https:\/\/www.la-maison-electrique.com\/blog\/?s={search_term_string}\"},\"query-input\":{\"@type\":\"PropertyValueSpecification\",\"valueRequired\":true,\"valueName\":\"search_term_string\"}}],\"inLanguage\":\"fr-FR\"},{\"@type\":\"Organization\",\"@id\":\"https:\/\/www.la-maison-electrique.com\/blog\/#organization\",\"name\":\"Blog LME\",\"url\":\"https:\/\/www.la-maison-electrique.com\/blog\/\",\"logo\":{\"@type\":\"ImageObject\",\"inLanguage\":\"fr-FR\",\"@id\":\"https:\/\/www.la-maison-electrique.com\/blog\/#\/schema\/logo\/image\/\",\"url\":\"https:\/\/www.la-maison-electrique.com\/blog\/wp-content\/uploads\/2023\/09\/cropped-la-maison-electrique-logo.png\",\"contentUrl\":\"https:\/\/www.la-maison-electrique.com\/blog\/wp-content\/uploads\/2023\/09\/cropped-la-maison-electrique-logo.png\",\"width\":200,\"height\":47,\"caption\":\"Blog LME\"},\"image\":{\"@id\":\"https:\/\/www.la-maison-electrique.com\/blog\/#\/schema\/logo\/image\/\"}},{\"@type\":\"Person\",\"@id\":\"https:\/\/www.la-maison-electrique.com\/blog\/#\/schema\/person\/b86e3d5b896eabe1a3bccfeeb8525bcf\",\"name\":\"Hugo Dauchez\",\"image\":{\"@type\":\"ImageObject\",\"inLanguage\":\"fr-FR\",\"@id\":\"https:\/\/www.la-maison-electrique.com\/blog\/#\/schema\/person\/image\/\",\"url\":\"https:\/\/secure.gravatar.com\/avatar\/418c781409f848e459da170d9528939796e02f2a25bffc1a8287a2a4436cbdf9?s=96&d=mm&r=g\",\"contentUrl\":\"https:\/\/secure.gravatar.com\/avatar\/418c781409f848e459da170d9528939796e02f2a25bffc1a8287a2a4436cbdf9?s=96&d=mm&r=g\",\"caption\":\"Hugo Dauchez\"},\"url\":\"https:\/\/www.la-maison-electrique.com\/blog\/author\/hdauchez\/\"}]}<\/script>\n<!-- \/ Yoast SEO plugin. -->","yoast_head_json":{"title":"Schneider Resi9 : l'\u00e9cosyst\u00e8me pour un tableau \u00e9lectrique s\u00e9curis\u00e9 - Blog LME","description":"Schneider Resi9 : disjoncteurs et accessoires ; d\u00e9couvrez les \u00e9l\u00e9ments \u00e0 ajouter pour un \u00e9cosyst\u00e8me complet Schneider !","robots":{"index":"index","follow":"follow","max-snippet":"max-snippet:-1","max-image-preview":"max-image-preview:large","max-video-preview":"max-video-preview:-1"},"canonical":"https:\/\/www.la-maison-electrique.com\/blog\/2026\/04\/23\/schneider-resi9-accessoires\/","og_locale":"fr_FR","og_type":"article","og_title":"Schneider Resi9 : l'\u00e9cosyst\u00e8me pour un tableau \u00e9lectrique s\u00e9curis\u00e9 - Blog LME","og_description":"Schneider Resi9 : disjoncteurs et accessoires ; d\u00e9couvrez les \u00e9l\u00e9ments \u00e0 ajouter pour un \u00e9cosyst\u00e8me complet Schneider !","og_url":"https:\/\/www.la-maison-electrique.com\/blog\/2026\/04\/23\/schneider-resi9-accessoires\/","og_site_name":"Blog LME","article_published_time":"2026-04-23T13:00:00+00:00","article_modified_time":"2026-04-28T09:27:40+00:00","og_image":[{"width":1175,"height":940,"url":"https:\/\/www.la-maison-electrique.com\/blog\/wp-content\/uploads\/2026\/04\/schema-tableau.jpg","type":"image\/jpeg"}],"author":"Hugo Dauchez","twitter_card":"summary_large_image","twitter_misc":{"\u00c9crit par":"Hugo Dauchez","Dur\u00e9e de lecture estim\u00e9e":"10 minutes"},"schema":{"@context":"https:\/\/schema.org","@graph":[{"@type":"Article","@id":"https:\/\/www.la-maison-electrique.com\/blog\/2026\/04\/23\/schneider-resi9-accessoires\/#article","isPartOf":{"@id":"https:\/\/www.la-maison-electrique.com\/blog\/2026\/04\/23\/schneider-resi9-accessoires\/"},"author":{"name":"Hugo Dauchez","@id":"https:\/\/www.la-maison-electrique.com\/blog\/#\/schema\/person\/b86e3d5b896eabe1a3bccfeeb8525bcf"},"headline":"Schneider Resi9 : l&rsquo;\u00e9cosyst\u00e8me pour un tableau \u00e9lectrique s\u00e9curis\u00e9","datePublished":"2026-04-23T13:00:00+00:00","dateModified":"2026-04-28T09:27:40+00:00","mainEntityOfPage":{"@id":"https:\/\/www.la-maison-electrique.com\/blog\/2026\/04\/23\/schneider-resi9-accessoires\/"},"wordCount":1770,"publisher":{"@id":"https:\/\/www.la-maison-electrique.com\/blog\/#organization"},"image":{"@id":"https:\/\/www.la-maison-electrique.com\/blog\/2026\/04\/23\/schneider-resi9-accessoires\/#primaryimage"},"thumbnailUrl":"https:\/\/www.la-maison-electrique.com\/blog\/wp-content\/uploads\/2026\/04\/schema-tableau-1024x819.jpg","keywords":["Resi9","Schneider","XE","XP"],"articleSection":["Tableaux \u00c9lectriques"],"inLanguage":"fr-FR"},{"@type":"WebPage","@id":"https:\/\/www.la-maison-electrique.com\/blog\/2026\/04\/23\/schneider-resi9-accessoires\/","url":"https:\/\/www.la-maison-electrique.com\/blog\/2026\/04\/23\/schneider-resi9-accessoires\/","name":"Schneider Resi9 : l'\u00e9cosyst\u00e8me pour un tableau \u00e9lectrique s\u00e9curis\u00e9 - Blog LME","isPartOf":{"@id":"https:\/\/www.la-maison-electrique.com\/blog\/#website"},"primaryImageOfPage":{"@id":"https:\/\/www.la-maison-electrique.com\/blog\/2026\/04\/23\/schneider-resi9-accessoires\/#primaryimage"},"image":{"@id":"https:\/\/www.la-maison-electrique.com\/blog\/2026\/04\/23\/schneider-resi9-accessoires\/#primaryimage"},"thumbnailUrl":"https:\/\/www.la-maison-electrique.com\/blog\/wp-content\/uploads\/2026\/04\/schema-tableau-1024x819.jpg","datePublished":"2026-04-23T13:00:00+00:00","dateModified":"2026-04-28T09:27:40+00:00","description":"Schneider Resi9 : disjoncteurs et accessoires ; d\u00e9couvrez les \u00e9l\u00e9ments \u00e0 ajouter pour un \u00e9cosyst\u00e8me complet Schneider !","breadcrumb":{"@id":"https:\/\/www.la-maison-electrique.com\/blog\/2026\/04\/23\/schneider-resi9-accessoires\/#breadcrumb"},"inLanguage":"fr-FR","potentialAction":[{"@type":"ReadAction","target":["https:\/\/www.la-maison-electrique.com\/blog\/2026\/04\/23\/schneider-resi9-accessoires\/"]}]},{"@type":"ImageObject","inLanguage":"fr-FR","@id":"https:\/\/www.la-maison-electrique.com\/blog\/2026\/04\/23\/schneider-resi9-accessoires\/#primaryimage","url":"https:\/\/www.la-maison-electrique.com\/blog\/wp-content\/uploads\/2026\/04\/schema-tableau.jpg","contentUrl":"https:\/\/www.la-maison-electrique.com\/blog\/wp-content\/uploads\/2026\/04\/schema-tableau.jpg","width":1175,"height":940},{"@type":"BreadcrumbList","@id":"https:\/\/www.la-maison-electrique.com\/blog\/2026\/04\/23\/schneider-resi9-accessoires\/#breadcrumb","itemListElement":[{"@type":"ListItem","position":1,"name":"LME","item":"https:\/\/www.la-maison-electrique.com\/blog\/"},{"@type":"ListItem","position":2,"name":"Tableaux \u00c9lectriques","item":"https:\/\/www.la-maison-electrique.com\/blog\/category\/tableaux-electriques\/"},{"@type":"ListItem","position":3,"name":"Schneider Resi9 : l&rsquo;\u00e9cosyst\u00e8me pour un tableau \u00e9lectrique s\u00e9curis\u00e9"}]},{"@type":"WebSite","@id":"https:\/\/www.la-maison-electrique.com\/blog\/#website","url":"https:\/\/www.la-maison-electrique.com\/blog\/","name":"Blog LME","description":"Le mat\u00e9riel \u00e9lectrique de qualit\u00e9 professionnelle pour tous, \u00e0 prix grossiste","publisher":{"@id":"https:\/\/www.la-maison-electrique.com\/blog\/#organization"},"potentialAction":[{"@type":"SearchAction","target":{"@type":"EntryPoint","urlTemplate":"https:\/\/www.la-maison-electrique.com\/blog\/?s={search_term_string}"},"query-input":{"@type":"PropertyValueSpecification","valueRequired":true,"valueName":"search_term_string"}}],"inLanguage":"fr-FR"},{"@type":"Organization","@id":"https:\/\/www.la-maison-electrique.com\/blog\/#organization","name":"Blog LME","url":"https:\/\/www.la-maison-electrique.com\/blog\/","logo":{"@type":"ImageObject","inLanguage":"fr-FR","@id":"https:\/\/www.la-maison-electrique.com\/blog\/#\/schema\/logo\/image\/","url":"https:\/\/www.la-maison-electrique.com\/blog\/wp-content\/uploads\/2023\/09\/cropped-la-maison-electrique-logo.png","contentUrl":"https:\/\/www.la-maison-electrique.com\/blog\/wp-content\/uploads\/2023\/09\/cropped-la-maison-electrique-logo.png","width":200,"height":47,"caption":"Blog LME"},"image":{"@id":"https:\/\/www.la-maison-electrique.com\/blog\/#\/schema\/logo\/image\/"}},{"@type":"Person","@id":"https:\/\/www.la-maison-electrique.com\/blog\/#\/schema\/person\/b86e3d5b896eabe1a3bccfeeb8525bcf","name":"Hugo Dauchez","image":{"@type":"ImageObject","inLanguage":"fr-FR","@id":"https:\/\/www.la-maison-electrique.com\/blog\/#\/schema\/person\/image\/","url":"https:\/\/secure.gravatar.com\/avatar\/418c781409f848e459da170d9528939796e02f2a25bffc1a8287a2a4436cbdf9?s=96&d=mm&r=g","contentUrl":"https:\/\/secure.gravatar.com\/avatar\/418c781409f848e459da170d9528939796e02f2a25bffc1a8287a2a4436cbdf9?s=96&d=mm&r=g","caption":"Hugo Dauchez"},"url":"https:\/\/www.la-maison-electrique.com\/blog\/author\/hdauchez\/"}]}},"_links":{"self":[{"href":"https:\/\/www.la-maison-electrique.com\/blog\/wp-json\/wp\/v2\/posts\/2001","targetHints":{"allow":["GET"]}}],"collection":[{"href":"https:\/\/www.la-maison-electrique.com\/blog\/wp-json\/wp\/v2\/posts"}],"about":[{"href":"https:\/\/www.la-maison-electrique.com\/blog\/wp-json\/wp\/v2\/types\/post"}],"author":[{"embeddable":true,"href":"https:\/\/www.la-maison-electrique.com\/blog\/wp-json\/wp\/v2\/users\/4"}],"replies":[{"embeddable":true,"href":"https:\/\/www.la-maison-electrique.com\/blog\/wp-json\/wp\/v2\/comments?post=2001"}],"version-history":[{"count":32,"href":"https:\/\/www.la-maison-electrique.com\/blog\/wp-json\/wp\/v2\/posts\/2001\/revisions"}],"predecessor-version":[{"id":2059,"href":"https:\/\/www.la-maison-electrique.com\/blog\/wp-json\/wp\/v2\/posts\/2001\/revisions\/2059"}],"wp:attachment":[{"href":"https:\/\/www.la-maison-electrique.com\/blog\/wp-json\/wp\/v2\/media?parent=2001"}],"wp:term":[{"taxonomy":"category","embeddable":true,"href":"https:\/\/www.la-maison-electrique.com\/blog\/wp-json\/wp\/v2\/categories?post=2001"},{"taxonomy":"post_tag","embeddable":true,"href":"https:\/\/www.la-maison-electrique.com\/blog\/wp-json\/wp\/v2\/tags?post=2001"}],"curies":[{"name":"wp","href":"https:\/\/api.w.org\/{rel}","templated":true}]}}