{"id":311,"date":"2023-11-20T14:55:36","date_gmt":"2023-11-20T13:55:36","guid":{"rendered":"https:\/\/www.la-maison-electrique.com\/blog\/?p=311"},"modified":"2026-03-04T11:57:11","modified_gmt":"2026-03-04T10:57:11","slug":"gamme-de-chauffage-accessio","status":"publish","type":"post","link":"https:\/\/www.la-maison-electrique.com\/blog\/2023\/11\/20\/gamme-de-chauffage-accessio\/","title":{"rendered":"La gamme de chauffage Accessio"},"content":{"rendered":"\n<p>Simple. Accessible. Efficace. 3 mots d\u00e9signant la <strong><a href=\"https:\/\/www.la-maison-electrique.com\/chauffage-residentiel-3\/s-1\/collection-accesio\">gamme Accessio<\/a><\/strong>. En effet la gamme de chauffage de la marque <strong>Atlantic<\/strong>, vous procurera la sensation de <strong>chaleur inertielle<\/strong> et sans \u00e0-coup. Dans les prochaines lignes, nous d\u00e9couvrirons les d\u00e9tails de la <strong>gamme Accessio<\/strong>.<\/p>\n\n\n\n<h2 class=\"wp-block-heading\">La gamme de chauffage Accessio : Adaptation aux petits espaces<\/h2>\n\n\n\n<p>Les chauffages de la <strong>gamme de chauffage Accessio<\/strong> ont l&rsquo;avantage de s&rsquo;adapter aux petits espaces. En effet, le plus petit <strong>radiateur <\/strong>fait 41cm de large alors que le plus grand mesure 97.3cm de large. Plusieurs puissances sont disponibles, de <strong>300W \u00e0 2000W<\/strong>.<\/p>\n\n\n\n<p><strong>%PRODUITS%<\/strong><\/p>\n\n\n\n<h2 class=\"wp-block-heading\">Un design minimaliste \u00c9legant<\/h2>\n\n\n\n<p>La gamme Accessio se distingue par un design sobre et moderne. Atlantic a opt\u00e9 pour un seul format \u2014 horizontal \u2014 et une seule couleur, le blanc. Ce choix conf\u00e8re aux radiateurs un style polyvalent, capable de s&rsquo;int\u00e9grer aussi bien dans des int\u00e9rieurs au style contemporain que dans des d\u00e9corations plus vintage ou r\u00e9tro. Leur esth\u00e9tique discr\u00e8te permet de les installer dans n&rsquo;importe quelle pi\u00e8ce sans perturber l&rsquo;harmonie visuelle du lieu.<\/p>\n\n\n\n<h2 class=\"wp-block-heading\">La gamme de chauffage Accessio : Un confort optimal gr\u00e2ce \u00e0 une chaleur inertielle<\/h2>\n\n\n\n<p>Outre l&rsquo;aspect visuelle et \u00e9l\u00e9gant de la <strong>gamme de chauffage Accessio<\/strong>, le <strong>confort<\/strong> reste avant tout primordial lors de l&rsquo;achat d&rsquo;un <strong>radiateur<\/strong>. La gamme <strong>Accessio<\/strong> b\u00e9n\u00e9ficie d&rsquo;un corps de chauffe avec fluide thermo-conducteur, d&rsquo;une chaleur inertielle sans \u00e0-coup et d&rsquo;une chaleur douce longtemps perceptible.<\/p>\n\n\n\n<h2 class=\"wp-block-heading\"><strong>Des \u00e9conomies d&rsquo;\u00e9nergie gr\u00e2ce \u00e0 la technologie intelligente<\/strong><\/h2>\n\n\n\n<p>Gr\u00e2ce aux fonctions intelligente du radiateur, vous allez r\u00e9aliser des \u00e9conomies. En effet le radiateur d\u00e9tecte automatiquement l&rsquo;ouverture et fermeture de fen\u00eatre. Le radiateur est <strong>programmable<\/strong>. Sa programmation est <strong>personnalisable<\/strong>.<\/p>\n\n\n\n<p>Pour situer cette technologie par rapport aux autres options du march\u00e9, consultez notre\u00a0<strong><a href=\"https:\/\/www.la-maison-electrique.com\/blog\/2025\/10\/23\/chauffage\/\">comparatif complet des syst\u00e8mes de chauffage \u00e9lectrique<\/a><\/strong>\u00a0qui d\u00e9taille les avantages de chaque solution selon votre usage.<\/p>\n\n\n\n<h2 class=\"wp-block-heading\" id=\"block-8a122272-12ef-4e41-a22a-3d822a28547a\">La gamme de chauffage Accessio : <strong>La praticit\u00e9 au c\u0153ur de l\u2019exp\u00e9rience utilisateur<\/strong><\/h2>\n\n\n\n<p>Le confort d\u2019utilisation est \u00e9galement au rendez-vous avec un bo\u00eetier de commande digital \u00e0 touches tactiles, simple et intuitif \u00e0 utiliser. Pour ceux qui souhaitent encore plus de praticit\u00e9, la gamme Accessio peut \u00eatre pilot\u00e9e \u00e0 distance via smartphone, \u00e0 condition d\u2019ajouter un Pass Cozytouch pour chaque appareil, ainsi qu\u2019un bridge Cozytouch pour la maison. Cette connectivit\u00e9 permet de g\u00e9rer \u00e0 tout moment et depuis n\u2019importe o\u00f9 la temp\u00e9rature de chaque pi\u00e8ce, offrant ainsi un contr\u00f4le complet et personnalis\u00e9 du chauffage.<\/p>\n\n\n\n<p>En r\u00e9sum\u00e9, la gamme Accessio d&rsquo;Atlantic repr\u00e9sente un excellent compromis entre confort, efficacit\u00e9 et praticit\u00e9, tout en restant accessible \u00e0 tous les budgets. Elle constitue un choix judicieux pour un chauffage performant, \u00e9conomique et esth\u00e9tique, particuli\u00e8rement adapt\u00e9 aux petits espaces.<\/p>\n","protected":false},"excerpt":{"rendered":"<p>Simple. Accessible. Efficace. 3 mots d\u00e9signant la gamme Accessio. En effet la gamme de chauffage de la marque Atlantic, vous procurera la sensation de chaleur inertielle et sans \u00e0-coup. Dans les prochaines lignes, nous d\u00e9couvrirons les d\u00e9tails de la gamme Accessio. La gamme de chauffage Accessio : Adaptation aux petits espaces Les chauffages de la [&hellip;]<\/p>\n","protected":false},"author":2,"featured_media":326,"comment_status":"closed","ping_status":"open","sticky":false,"template":"","format":"standard","meta":{"footnotes":""},"categories":[8],"tags":[],"class_list":["post-311","post","type-post","status-publish","format-standard","has-post-thumbnail","hentry","category-chauffage-et-ventilation","entry","has-media"],"yoast_head":"<!-- This site is optimized with the Yoast SEO plugin v23.9 - https:\/\/yoast.com\/wordpress\/plugins\/seo\/ -->\n<title>La gamme de chauffage Accessio - Blog LME<\/title>\n<meta name=\"description\" content=\"La gamme de chauffage Accessio de la marque Atlantic, vous procurera la sensation de chaleur inertielle et sans \u00e0-coup. Simple. Efficace.\" \/>\n<meta name=\"robots\" content=\"index, follow, max-snippet:-1, max-image-preview:large, max-video-preview:-1\" \/>\n<link rel=\"canonical\" href=\"https:\/\/www.la-maison-electrique.com\/blog\/2023\/11\/20\/gamme-de-chauffage-accessio\/\" \/>\n<meta property=\"og:locale\" content=\"fr_FR\" \/>\n<meta property=\"og:type\" content=\"article\" \/>\n<meta property=\"og:title\" content=\"La gamme de chauffage Accessio - Blog LME\" \/>\n<meta property=\"og:description\" content=\"La gamme de chauffage Accessio de la marque Atlantic, vous procurera la sensation de chaleur inertielle et sans \u00e0-coup. Simple. Efficace.\" \/>\n<meta property=\"og:url\" content=\"https:\/\/www.la-maison-electrique.com\/blog\/2023\/11\/20\/gamme-de-chauffage-accessio\/\" \/>\n<meta property=\"og:site_name\" content=\"Blog LME\" \/>\n<meta property=\"article:published_time\" content=\"2023-11-20T13:55:36+00:00\" \/>\n<meta property=\"article:modified_time\" content=\"2026-03-04T10:57:11+00:00\" \/>\n<meta property=\"og:image\" content=\"https:\/\/www.la-maison-electrique.com\/blog\/wp-content\/uploads\/2023\/11\/Photo-Accessio.jpg\" \/>\n\t<meta property=\"og:image:width\" content=\"1200\" \/>\n\t<meta property=\"og:image:height\" content=\"500\" \/>\n\t<meta property=\"og:image:type\" content=\"image\/jpeg\" \/>\n<meta name=\"author\" content=\"La Maison Electrique\" \/>\n<meta name=\"twitter:card\" content=\"summary_large_image\" \/>\n<meta name=\"twitter:label1\" content=\"\u00c9crit par\" \/>\n\t<meta name=\"twitter:data1\" content=\"La Maison Electrique\" \/>\n\t<meta name=\"twitter:label2\" content=\"Dur\u00e9e de lecture estim\u00e9e\" \/>\n\t<meta name=\"twitter:data2\" content=\"3 minutes\" \/>\n<script type=\"application\/ld+json\" class=\"yoast-schema-graph\">{\"@context\":\"https:\/\/schema.org\",\"@graph\":[{\"@type\":\"Article\",\"@id\":\"https:\/\/www.la-maison-electrique.com\/blog\/2023\/11\/20\/gamme-de-chauffage-accessio\/#article\",\"isPartOf\":{\"@id\":\"https:\/\/www.la-maison-electrique.com\/blog\/2023\/11\/20\/gamme-de-chauffage-accessio\/\"},\"author\":{\"name\":\"La Maison Electrique\",\"@id\":\"https:\/\/www.la-maison-electrique.com\/blog\/#\/schema\/person\/40b4e539f458537c8fe5813ac681fea9\"},\"headline\":\"La gamme de chauffage Accessio\",\"datePublished\":\"2023-11-20T13:55:36+00:00\",\"dateModified\":\"2026-03-04T10:57:11+00:00\",\"mainEntityOfPage\":{\"@id\":\"https:\/\/www.la-maison-electrique.com\/blog\/2023\/11\/20\/gamme-de-chauffage-accessio\/\"},\"wordCount\":459,\"publisher\":{\"@id\":\"https:\/\/www.la-maison-electrique.com\/blog\/#organization\"},\"image\":{\"@id\":\"https:\/\/www.la-maison-electrique.com\/blog\/2023\/11\/20\/gamme-de-chauffage-accessio\/#primaryimage\"},\"thumbnailUrl\":\"https:\/\/www.la-maison-electrique.com\/blog\/wp-content\/uploads\/2023\/11\/Photo-Accessio.jpg\",\"articleSection\":[\"Chauffage et Ventilation\"],\"inLanguage\":\"fr-FR\"},{\"@type\":\"WebPage\",\"@id\":\"https:\/\/www.la-maison-electrique.com\/blog\/2023\/11\/20\/gamme-de-chauffage-accessio\/\",\"url\":\"https:\/\/www.la-maison-electrique.com\/blog\/2023\/11\/20\/gamme-de-chauffage-accessio\/\",\"name\":\"La gamme de chauffage Accessio - Blog LME\",\"isPartOf\":{\"@id\":\"https:\/\/www.la-maison-electrique.com\/blog\/#website\"},\"primaryImageOfPage\":{\"@id\":\"https:\/\/www.la-maison-electrique.com\/blog\/2023\/11\/20\/gamme-de-chauffage-accessio\/#primaryimage\"},\"image\":{\"@id\":\"https:\/\/www.la-maison-electrique.com\/blog\/2023\/11\/20\/gamme-de-chauffage-accessio\/#primaryimage\"},\"thumbnailUrl\":\"https:\/\/www.la-maison-electrique.com\/blog\/wp-content\/uploads\/2023\/11\/Photo-Accessio.jpg\",\"datePublished\":\"2023-11-20T13:55:36+00:00\",\"dateModified\":\"2026-03-04T10:57:11+00:00\",\"description\":\"La gamme de chauffage Accessio de la marque Atlantic, vous procurera la sensation de chaleur inertielle et sans \u00e0-coup. Simple. Efficace.\",\"breadcrumb\":{\"@id\":\"https:\/\/www.la-maison-electrique.com\/blog\/2023\/11\/20\/gamme-de-chauffage-accessio\/#breadcrumb\"},\"inLanguage\":\"fr-FR\",\"potentialAction\":[{\"@type\":\"ReadAction\",\"target\":[\"https:\/\/www.la-maison-electrique.com\/blog\/2023\/11\/20\/gamme-de-chauffage-accessio\/\"]}]},{\"@type\":\"ImageObject\",\"inLanguage\":\"fr-FR\",\"@id\":\"https:\/\/www.la-maison-electrique.com\/blog\/2023\/11\/20\/gamme-de-chauffage-accessio\/#primaryimage\",\"url\":\"https:\/\/www.la-maison-electrique.com\/blog\/wp-content\/uploads\/2023\/11\/Photo-Accessio.jpg\",\"contentUrl\":\"https:\/\/www.la-maison-electrique.com\/blog\/wp-content\/uploads\/2023\/11\/Photo-Accessio.jpg\",\"width\":1200,\"height\":500,\"caption\":\"Photo d'un radiateur de la gamme de chauffage Accessio\"},{\"@type\":\"BreadcrumbList\",\"@id\":\"https:\/\/www.la-maison-electrique.com\/blog\/2023\/11\/20\/gamme-de-chauffage-accessio\/#breadcrumb\",\"itemListElement\":[{\"@type\":\"ListItem\",\"position\":1,\"name\":\"LME\",\"item\":\"https:\/\/www.la-maison-electrique.com\/blog\/\"},{\"@type\":\"ListItem\",\"position\":2,\"name\":\"Chauffage et Ventilation\",\"item\":\"https:\/\/www.la-maison-electrique.com\/blog\/category\/chauffage-et-ventilation\/\"},{\"@type\":\"ListItem\",\"position\":3,\"name\":\"La gamme de chauffage Accessio\"}]},{\"@type\":\"WebSite\",\"@id\":\"https:\/\/www.la-maison-electrique.com\/blog\/#website\",\"url\":\"https:\/\/www.la-maison-electrique.com\/blog\/\",\"name\":\"Blog LME\",\"description\":\"Le mat\u00e9riel \u00e9lectrique de qualit\u00e9 professionnelle pour tous, \u00e0 prix grossiste\",\"publisher\":{\"@id\":\"https:\/\/www.la-maison-electrique.com\/blog\/#organization\"},\"potentialAction\":[{\"@type\":\"SearchAction\",\"target\":{\"@type\":\"EntryPoint\",\"urlTemplate\":\"https:\/\/www.la-maison-electrique.com\/blog\/?s={search_term_string}\"},\"query-input\":{\"@type\":\"PropertyValueSpecification\",\"valueRequired\":true,\"valueName\":\"search_term_string\"}}],\"inLanguage\":\"fr-FR\"},{\"@type\":\"Organization\",\"@id\":\"https:\/\/www.la-maison-electrique.com\/blog\/#organization\",\"name\":\"Blog LME\",\"url\":\"https:\/\/www.la-maison-electrique.com\/blog\/\",\"logo\":{\"@type\":\"ImageObject\",\"inLanguage\":\"fr-FR\",\"@id\":\"https:\/\/www.la-maison-electrique.com\/blog\/#\/schema\/logo\/image\/\",\"url\":\"https:\/\/www.la-maison-electrique.com\/blog\/wp-content\/uploads\/2023\/09\/cropped-la-maison-electrique-logo.png\",\"contentUrl\":\"https:\/\/www.la-maison-electrique.com\/blog\/wp-content\/uploads\/2023\/09\/cropped-la-maison-electrique-logo.png\",\"width\":200,\"height\":47,\"caption\":\"Blog LME\"},\"image\":{\"@id\":\"https:\/\/www.la-maison-electrique.com\/blog\/#\/schema\/logo\/image\/\"}},{\"@type\":\"Person\",\"@id\":\"https:\/\/www.la-maison-electrique.com\/blog\/#\/schema\/person\/40b4e539f458537c8fe5813ac681fea9\",\"name\":\"La Maison Electrique\",\"image\":{\"@type\":\"ImageObject\",\"inLanguage\":\"fr-FR\",\"@id\":\"https:\/\/www.la-maison-electrique.com\/blog\/#\/schema\/person\/image\/\",\"url\":\"https:\/\/secure.gravatar.com\/avatar\/c4de0370596321e9663c222aba790d7326007c4b0b8776881a99428b1c334a4b?s=96&d=mm&r=g\",\"contentUrl\":\"https:\/\/secure.gravatar.com\/avatar\/c4de0370596321e9663c222aba790d7326007c4b0b8776881a99428b1c334a4b?s=96&d=mm&r=g\",\"caption\":\"La Maison Electrique\"},\"url\":\"https:\/\/www.la-maison-electrique.com\/blog\/author\/lme\/\"}]}<\/script>\n<!-- \/ Yoast SEO plugin. -->","yoast_head_json":{"title":"La gamme de chauffage Accessio - Blog LME","description":"La gamme de chauffage Accessio de la marque Atlantic, vous procurera la sensation de chaleur inertielle et sans \u00e0-coup. Simple. Efficace.","robots":{"index":"index","follow":"follow","max-snippet":"max-snippet:-1","max-image-preview":"max-image-preview:large","max-video-preview":"max-video-preview:-1"},"canonical":"https:\/\/www.la-maison-electrique.com\/blog\/2023\/11\/20\/gamme-de-chauffage-accessio\/","og_locale":"fr_FR","og_type":"article","og_title":"La gamme de chauffage Accessio - Blog LME","og_description":"La gamme de chauffage Accessio de la marque Atlantic, vous procurera la sensation de chaleur inertielle et sans \u00e0-coup. Simple. Efficace.","og_url":"https:\/\/www.la-maison-electrique.com\/blog\/2023\/11\/20\/gamme-de-chauffage-accessio\/","og_site_name":"Blog LME","article_published_time":"2023-11-20T13:55:36+00:00","article_modified_time":"2026-03-04T10:57:11+00:00","og_image":[{"width":1200,"height":500,"url":"https:\/\/www.la-maison-electrique.com\/blog\/wp-content\/uploads\/2023\/11\/Photo-Accessio.jpg","type":"image\/jpeg"}],"author":"La Maison Electrique","twitter_card":"summary_large_image","twitter_misc":{"\u00c9crit par":"La Maison Electrique","Dur\u00e9e de lecture estim\u00e9e":"3 minutes"},"schema":{"@context":"https:\/\/schema.org","@graph":[{"@type":"Article","@id":"https:\/\/www.la-maison-electrique.com\/blog\/2023\/11\/20\/gamme-de-chauffage-accessio\/#article","isPartOf":{"@id":"https:\/\/www.la-maison-electrique.com\/blog\/2023\/11\/20\/gamme-de-chauffage-accessio\/"},"author":{"name":"La Maison Electrique","@id":"https:\/\/www.la-maison-electrique.com\/blog\/#\/schema\/person\/40b4e539f458537c8fe5813ac681fea9"},"headline":"La gamme de chauffage Accessio","datePublished":"2023-11-20T13:55:36+00:00","dateModified":"2026-03-04T10:57:11+00:00","mainEntityOfPage":{"@id":"https:\/\/www.la-maison-electrique.com\/blog\/2023\/11\/20\/gamme-de-chauffage-accessio\/"},"wordCount":459,"publisher":{"@id":"https:\/\/www.la-maison-electrique.com\/blog\/#organization"},"image":{"@id":"https:\/\/www.la-maison-electrique.com\/blog\/2023\/11\/20\/gamme-de-chauffage-accessio\/#primaryimage"},"thumbnailUrl":"https:\/\/www.la-maison-electrique.com\/blog\/wp-content\/uploads\/2023\/11\/Photo-Accessio.jpg","articleSection":["Chauffage et Ventilation"],"inLanguage":"fr-FR"},{"@type":"WebPage","@id":"https:\/\/www.la-maison-electrique.com\/blog\/2023\/11\/20\/gamme-de-chauffage-accessio\/","url":"https:\/\/www.la-maison-electrique.com\/blog\/2023\/11\/20\/gamme-de-chauffage-accessio\/","name":"La gamme de chauffage Accessio - Blog LME","isPartOf":{"@id":"https:\/\/www.la-maison-electrique.com\/blog\/#website"},"primaryImageOfPage":{"@id":"https:\/\/www.la-maison-electrique.com\/blog\/2023\/11\/20\/gamme-de-chauffage-accessio\/#primaryimage"},"image":{"@id":"https:\/\/www.la-maison-electrique.com\/blog\/2023\/11\/20\/gamme-de-chauffage-accessio\/#primaryimage"},"thumbnailUrl":"https:\/\/www.la-maison-electrique.com\/blog\/wp-content\/uploads\/2023\/11\/Photo-Accessio.jpg","datePublished":"2023-11-20T13:55:36+00:00","dateModified":"2026-03-04T10:57:11+00:00","description":"La gamme de chauffage Accessio de la marque Atlantic, vous procurera la sensation de chaleur inertielle et sans \u00e0-coup. Simple. Efficace.","breadcrumb":{"@id":"https:\/\/www.la-maison-electrique.com\/blog\/2023\/11\/20\/gamme-de-chauffage-accessio\/#breadcrumb"},"inLanguage":"fr-FR","potentialAction":[{"@type":"ReadAction","target":["https:\/\/www.la-maison-electrique.com\/blog\/2023\/11\/20\/gamme-de-chauffage-accessio\/"]}]},{"@type":"ImageObject","inLanguage":"fr-FR","@id":"https:\/\/www.la-maison-electrique.com\/blog\/2023\/11\/20\/gamme-de-chauffage-accessio\/#primaryimage","url":"https:\/\/www.la-maison-electrique.com\/blog\/wp-content\/uploads\/2023\/11\/Photo-Accessio.jpg","contentUrl":"https:\/\/www.la-maison-electrique.com\/blog\/wp-content\/uploads\/2023\/11\/Photo-Accessio.jpg","width":1200,"height":500,"caption":"Photo d'un radiateur de la gamme de chauffage Accessio"},{"@type":"BreadcrumbList","@id":"https:\/\/www.la-maison-electrique.com\/blog\/2023\/11\/20\/gamme-de-chauffage-accessio\/#breadcrumb","itemListElement":[{"@type":"ListItem","position":1,"name":"LME","item":"https:\/\/www.la-maison-electrique.com\/blog\/"},{"@type":"ListItem","position":2,"name":"Chauffage et Ventilation","item":"https:\/\/www.la-maison-electrique.com\/blog\/category\/chauffage-et-ventilation\/"},{"@type":"ListItem","position":3,"name":"La gamme de chauffage Accessio"}]},{"@type":"WebSite","@id":"https:\/\/www.la-maison-electrique.com\/blog\/#website","url":"https:\/\/www.la-maison-electrique.com\/blog\/","name":"Blog LME","description":"Le mat\u00e9riel \u00e9lectrique de qualit\u00e9 professionnelle pour tous, \u00e0 prix grossiste","publisher":{"@id":"https:\/\/www.la-maison-electrique.com\/blog\/#organization"},"potentialAction":[{"@type":"SearchAction","target":{"@type":"EntryPoint","urlTemplate":"https:\/\/www.la-maison-electrique.com\/blog\/?s={search_term_string}"},"query-input":{"@type":"PropertyValueSpecification","valueRequired":true,"valueName":"search_term_string"}}],"inLanguage":"fr-FR"},{"@type":"Organization","@id":"https:\/\/www.la-maison-electrique.com\/blog\/#organization","name":"Blog LME","url":"https:\/\/www.la-maison-electrique.com\/blog\/","logo":{"@type":"ImageObject","inLanguage":"fr-FR","@id":"https:\/\/www.la-maison-electrique.com\/blog\/#\/schema\/logo\/image\/","url":"https:\/\/www.la-maison-electrique.com\/blog\/wp-content\/uploads\/2023\/09\/cropped-la-maison-electrique-logo.png","contentUrl":"https:\/\/www.la-maison-electrique.com\/blog\/wp-content\/uploads\/2023\/09\/cropped-la-maison-electrique-logo.png","width":200,"height":47,"caption":"Blog LME"},"image":{"@id":"https:\/\/www.la-maison-electrique.com\/blog\/#\/schema\/logo\/image\/"}},{"@type":"Person","@id":"https:\/\/www.la-maison-electrique.com\/blog\/#\/schema\/person\/40b4e539f458537c8fe5813ac681fea9","name":"La Maison Electrique","image":{"@type":"ImageObject","inLanguage":"fr-FR","@id":"https:\/\/www.la-maison-electrique.com\/blog\/#\/schema\/person\/image\/","url":"https:\/\/secure.gravatar.com\/avatar\/c4de0370596321e9663c222aba790d7326007c4b0b8776881a99428b1c334a4b?s=96&d=mm&r=g","contentUrl":"https:\/\/secure.gravatar.com\/avatar\/c4de0370596321e9663c222aba790d7326007c4b0b8776881a99428b1c334a4b?s=96&d=mm&r=g","caption":"La Maison Electrique"},"url":"https:\/\/www.la-maison-electrique.com\/blog\/author\/lme\/"}]}},"_links":{"self":[{"href":"https:\/\/www.la-maison-electrique.com\/blog\/wp-json\/wp\/v2\/posts\/311","targetHints":{"allow":["GET"]}}],"collection":[{"href":"https:\/\/www.la-maison-electrique.com\/blog\/wp-json\/wp\/v2\/posts"}],"about":[{"href":"https:\/\/www.la-maison-electrique.com\/blog\/wp-json\/wp\/v2\/types\/post"}],"author":[{"embeddable":true,"href":"https:\/\/www.la-maison-electrique.com\/blog\/wp-json\/wp\/v2\/users\/2"}],"replies":[{"embeddable":true,"href":"https:\/\/www.la-maison-electrique.com\/blog\/wp-json\/wp\/v2\/comments?post=311"}],"version-history":[{"count":14,"href":"https:\/\/www.la-maison-electrique.com\/blog\/wp-json\/wp\/v2\/posts\/311\/revisions"}],"predecessor-version":[{"id":1900,"href":"https:\/\/www.la-maison-electrique.com\/blog\/wp-json\/wp\/v2\/posts\/311\/revisions\/1900"}],"wp:featuredmedia":[{"embeddable":true,"href":"https:\/\/www.la-maison-electrique.com\/blog\/wp-json\/wp\/v2\/media\/326"}],"wp:attachment":[{"href":"https:\/\/www.la-maison-electrique.com\/blog\/wp-json\/wp\/v2\/media?parent=311"}],"wp:term":[{"taxonomy":"category","embeddable":true,"href":"https:\/\/www.la-maison-electrique.com\/blog\/wp-json\/wp\/v2\/categories?post=311"},{"taxonomy":"post_tag","embeddable":true,"href":"https:\/\/www.la-maison-electrique.com\/blog\/wp-json\/wp\/v2\/tags?post=311"}],"curies":[{"name":"wp","href":"https:\/\/api.w.org\/{rel}","templated":true}]}}